{"id":18523,"date":"2020-12-11T13:38:46","date_gmt":"2020-12-11T16:38:46","guid":{"rendered":"https:\/\/blogs.correiobraziliense.com.br\/servidor\/?p=18523"},"modified":"2020-12-11T14:00:35","modified_gmt":"2020-12-11T17:00:35","slug":"anesp-questiona-retorno-ao-trabalho-presencial-de-servidores-no-meio-da-pandemia","status":"publish","type":"post","link":"https:\/\/blogs.correiobraziliense.com.br\/servidor\/anesp-questiona-retorno-ao-trabalho-presencial-de-servidores-no-meio-da-pandemia\/","title":{"rendered":"Anesp questiona retorno ao trabalho presencial de servidores no meio da pandemia"},"content":{"rendered":"<p><em><strong>Por meio de nota t\u00e9cnica, a Associa\u00e7\u00e3o Nacional dos Especialistas em\u00a0Pol\u00edticas P\u00fablicas e Gest\u00e3o Governamental (Anesp) pede a revis\u00e3o de orienta\u00e7\u00f5es do\u00a0Minist\u00e9rio da Economia para retorno gradual de servidores p\u00fablicos ao trabalho\u00a0presencial e que \u00a0o Minist\u00e9rio exija que cada\u00a0\u00f3rg\u00e3o liste as atividades que n\u00e3o podem ser desempenhadas de maneira remota e os motivos<\/strong><\/em><\/p>\n<p><img loading=\"lazy\" decoding=\"async\" class=\"alignright size-large wp-image-18528\" src=\"https:\/\/blogs.correiobraziliense.com.br\/servidor\/wp-content\/uploads\/sites\/10\/2020\/12\/ANESP-IN-109-1024x1024.jpg\" alt=\"\" width=\"1024\" height=\"1024\" srcset=\"https:\/\/blogs.correiobraziliense.com.br\/servidor\/wp-content\/uploads\/sites\/10\/2020\/12\/ANESP-IN-109-1024x1024.jpg 1024w, https:\/\/blogs.correiobraziliense.com.br\/servidor\/wp-content\/uploads\/sites\/10\/2020\/12\/ANESP-IN-109-150x150.jpg 150w, https:\/\/blogs.correiobraziliense.com.br\/servidor\/wp-content\/uploads\/sites\/10\/2020\/12\/ANESP-IN-109-300x300.jpg 300w, https:\/\/blogs.correiobraziliense.com.br\/servidor\/wp-content\/uploads\/sites\/10\/2020\/12\/ANESP-IN-109-768x768.jpg 768w, https:\/\/blogs.correiobraziliense.com.br\/servidor\/wp-content\/uploads\/sites\/10\/2020\/12\/ANESP-IN-109-800x800.jpg 800w, https:\/\/blogs.correiobraziliense.com.br\/servidor\/wp-content\/uploads\/sites\/10\/2020\/12\/ANESP-IN-109-550x550.jpg 550w, https:\/\/blogs.correiobraziliense.com.br\/servidor\/wp-content\/uploads\/sites\/10\/2020\/12\/ANESP-IN-109-230x230.jpg 230w, https:\/\/blogs.correiobraziliense.com.br\/servidor\/wp-content\/uploads\/sites\/10\/2020\/12\/ANESP-IN-109.jpg 1200w\" sizes=\"auto, (max-width: 1024px) 100vw, 1024px\" \/><\/p>\n<p>No documento, a Associa\u00e7\u00e3o re\u00fane dados cient\u00edficos sobre a\u00a0caracteriza\u00e7\u00e3o de uma segunda onda de covid-19 e confronta com as orienta\u00e7\u00f5es da IN\u00a0109\/2020 emitida pelo Minist\u00e9rio. &#8220;O normativo, no entanto, n\u00e3o menciona quais crit\u00e9rios e indicadores devem ser utilizados para\u00a0constatar as condi\u00e7\u00f5es sanit\u00e1rias e de atendimento de sa\u00fade p\u00fablica que devem ser observadas\u00a0para o retorno das atividades presenciais. Essa lacuna orientativa \u00e9 problem\u00e1tica, uma vez que,\u00a0no \u00e2mbito do mesmo quadro epidemiol\u00f3gico, os \u00f3rg\u00e3os, por meio dos seus dirigentes, poder\u00e3o\u00a0tomar decis\u00f5es distintas&#8221;, diz a nota.<\/p>\n<p>Os dados est\u00e3o sistematizados na Nota T\u00e9cnica \u201cO trabalho presencial de servidores\u00a0p\u00fablicos na pandemia de covid-19: a IN 109\/2020 deve ser revista?\u201d, que analisa v\u00e1rias\u00a0dimens\u00f5es do impacto do retorno \u00e0s atividades presenciais de servidores p\u00fablicos. O\u00a0regresso pode contribuir decisivamente na contamina\u00e7\u00e3o de covid-19 no Distrito\u00a0Federal, e em outras unidades da federa\u00e7\u00e3o com elevado percentual\u00a0de servidores p\u00fablicos entre os v\u00ednculos de trabalho.<\/p>\n<p>A gravidade dos n\u00fameros recentes da pandemia no Brasil, informa, mostra um recrudescimento\u00a0da situa\u00e7\u00e3o, com a taxa de reprodu\u00e7\u00e3o no pa\u00eds (Rt) subindo nas \u00faltimas semanas e\u00a0alcan\u00e7ando 1,3. Isso significa que cada 100 pessoas com o v\u00edrus contaminam outras\u00a0130. Al\u00e9m disso, tem-se observado o aumento do n\u00famero de casos, interna\u00e7\u00f5es e\u00a0mortes.<\/p>\n<p>&#8220;Tendo em vista que n\u00e3o h\u00e1 medicamentos eficazes e o desenvolvimento de vacinas\u00a0ainda est\u00e1 em curso, o principal instrumento para interromper o ciclo de contamina\u00e7\u00e3o\u00a0\u00e9 reduzir o contato entre pessoas, principalmente em ambientes fechados e por longos\u00a0per\u00edodos. Nesse sentido, \u00e9 razo\u00e1vel que as pessoas n\u00e3o sejam expostas a riscos que\u00a0possam ser evitados, especialmente se seu trabalho puder ser desempenhado de modo\u00a0remoto&#8221;, reitera.<\/p>\n<p>Considerando esse contexto, a Anesp solicitou por meio de of\u00edcio, no dia\u00a08 de dezembro, que o Minist\u00e9rio da Economia reveja a IN 109\/2020, exigindo que cada\u00a0\u00f3rg\u00e3o liste as atividades que n\u00e3o possam ser desempenhadas de maneira remota e o\u00a0motivo. Requer ainda que se estabele\u00e7am crit\u00e9rios para definir se h\u00e1 condi\u00e7\u00f5es\u00a0sanit\u00e1rias e de atendimento da sa\u00fade p\u00fablica que dever\u00e3o ser observados, analisando\u00a0experi\u00eancias internacionais e brasileiras como par\u00e2metro.<\/p>\n<p>Com a pandemia fora de controle, todas as atividades que possam ser desempenhadas\u00a0remotamente, devem optar por essa forma de trabalho, analisa a Anesp. &#8220;O retorno presencial deve estar\u00a0restrito \u00e0s atividades que comprovadamente s\u00f3 possam ser apenas realizadas\u00a0presencialmente. Desta maneira, reduz-se o contato pessoal e o risco de cont\u00e1gio sem\u00a0preju\u00edzo para o trabalho&#8221;, refor\u00e7a.<\/p>\n<p><a href=\"https:\/\/drive.google.com\/file\/d\/1fJrlljEXejYu-5F-cLv_5N92rLxTeGg8\/view\">Leia a nota t\u00e9cnica na \u00edntegra<\/a>.<\/p>\n","protected":false},"excerpt":{"rendered":"<p>Por meio de nota t\u00e9cnica, a Associa\u00e7\u00e3o Nacional dos Especialistas em\u00a0Pol\u00edticas P\u00fablicas e Gest\u00e3o Governamental (Anesp) pede a revis\u00e3o de orienta\u00e7\u00f5es do\u00a0Minist\u00e9rio da Economia para retorno gradual de servidores p\u00fablicos ao trabalho\u00a0presencial e que \u00a0o Minist\u00e9rio exija que cada\u00a0\u00f3rg\u00e3o liste as atividades que n\u00e3o podem ser desempenhadas de maneira remota e os motivos No documento, a Associa\u00e7\u00e3o re\u00fane dados cient\u00edficos [&hellip;]<\/p>\n","protected":false},"author":27,"featured_media":0,"comment_status":"open","ping_status":"closed","sticky":false,"template":"","format":"standard","meta":{"footnotes":""},"categories":[2719],"tags":[948,18551,14327,17255,1788,7472,16,58,261],"class_list":["post-18523","post","type-post","status-publish","format-standard","hentry","category-servidor","tag-anesp","tag-in-109-2020","tag-ministerio-da-economia","tag-pandemia","tag-presencial","tag-remoto","tag-retorno","tag-servidores","tag-trabalho"],"_links":{"self":[{"href":"https:\/\/blogs.correiobraziliense.com.br\/servidor\/wp-json\/wp\/v2\/posts\/18523","targetHints":{"allow":["GET"]}}],"collection":[{"href":"https:\/\/blogs.correiobraziliense.com.br\/servidor\/wp-json\/wp\/v2\/posts"}],"about":[{"href":"https:\/\/blogs.correiobraziliense.com.br\/servidor\/wp-json\/wp\/v2\/types\/post"}],"author":[{"embeddable":true,"href":"https:\/\/blogs.correiobraziliense.com.br\/servidor\/wp-json\/wp\/v2\/users\/27"}],"replies":[{"embeddable":true,"href":"https:\/\/blogs.correiobraziliense.com.br\/servidor\/wp-json\/wp\/v2\/comments?post=18523"}],"version-history":[{"count":3,"href":"https:\/\/blogs.correiobraziliense.com.br\/servidor\/wp-json\/wp\/v2\/posts\/18523\/revisions"}],"predecessor-version":[{"id":18530,"href":"https:\/\/blogs.correiobraziliense.com.br\/servidor\/wp-json\/wp\/v2\/posts\/18523\/revisions\/18530"}],"wp:attachment":[{"href":"https:\/\/blogs.correiobraziliense.com.br\/servidor\/wp-json\/wp\/v2\/media?parent=18523"}],"wp:term":[{"taxonomy":"category","embeddable":true,"href":"https:\/\/blogs.correiobraziliense.com.br\/servidor\/wp-json\/wp\/v2\/categories?post=18523"},{"taxonomy":"post_tag","embeddable":true,"href":"https:\/\/blogs.correiobraziliense.com.br\/servidor\/wp-json\/wp\/v2\/tags?post=18523"}],"curies":[{"name":"wp","href":"https:\/\/api.w.org\/{rel}","templated":true}]}}