{"id":18514,"date":"2020-12-07T14:24:57","date_gmt":"2020-12-07T17:24:57","guid":{"rendered":"https:\/\/blogs.correiobraziliense.com.br\/servidor\/?p=18514"},"modified":"2020-12-07T14:24:57","modified_gmt":"2020-12-07T17:24:57","slug":"reforma-administrativa-o-que-esperar-opiniao-do-deputado-federal-israel-batista","status":"publish","type":"post","link":"https:\/\/blogs.correiobraziliense.com.br\/servidor\/reforma-administrativa-o-que-esperar-opiniao-do-deputado-federal-israel-batista\/","title":{"rendered":"Reforma Administrativa, o que esperar? \u2013 Opini\u00e3o do deputado federal Israel Batista"},"content":{"rendered":"<p><em><strong>Na s\u00e9rie de podcasts \u201cReforma Administrativa \u2013 O que esperar?\u201d, produzida pela Associa\u00e7\u00e3o dos Consultores Legislativos e Advogados do Senado Federal (Alesfe), o deputado federal Israel Batista (PV\/DF), tamb\u00e9m presidente da Frente Parlamentar em Defesa do Servi\u00e7o P\u00fablico, faz cr\u00edticas ao modelo atual proposto e o progn\u00f3stico do andamento<\/strong><\/em><\/p>\n<p>Ou\u00e7a:<\/p>\n<p><iframe loading=\"lazy\" title=\"S\u00e9rie Alesfe Podcasts sobre Reforma Administrativa\" width=\"1440\" height=\"810\" src=\"https:\/\/www.youtube.com\/embed\/N9H012oVWVo?start=2&amp;feature=oembed\" frameborder=\"0\" allow=\"accelerometer; autoplay; clipboard-write; encrypted-media; gyroscope; picture-in-picture; web-share\" referrerpolicy=\"strict-origin-when-cross-origin\" allowfullscreen><\/iframe><\/p>\n<p>&nbsp;<\/p>\n","protected":false},"excerpt":{"rendered":"<p>Na s\u00e9rie de podcasts \u201cReforma Administrativa \u2013 O que esperar?\u201d, produzida pela Associa\u00e7\u00e3o dos Consultores Legislativos e Advogados do Senado Federal (Alesfe), o deputado federal Israel Batista (PV\/DF), tamb\u00e9m presidente da Frente Parlamentar em Defesa do Servi\u00e7o P\u00fablico, faz cr\u00edticas ao modelo atual proposto e o progn\u00f3stico do andamento Ou\u00e7a: &nbsp;<\/p>\n","protected":false},"author":27,"featured_media":0,"comment_status":"open","ping_status":"closed","sticky":false,"template":"","format":"standard","meta":{"footnotes":""},"categories":[2719],"tags":[18547,98,18170,15938],"class_list":["post-18514","post","type-post","status-publish","format-standard","hentry","category-servidor","tag-frente-parlamentar-em-defesa-do-servico-publico","tag-governo","tag-pec-32-2020","tag-reforma-administrativa"],"_links":{"self":[{"href":"https:\/\/blogs.correiobraziliense.com.br\/servidor\/wp-json\/wp\/v2\/posts\/18514","targetHints":{"allow":["GET"]}}],"collection":[{"href":"https:\/\/blogs.correiobraziliense.com.br\/servidor\/wp-json\/wp\/v2\/posts"}],"about":[{"href":"https:\/\/blogs.correiobraziliense.com.br\/servidor\/wp-json\/wp\/v2\/types\/post"}],"author":[{"embeddable":true,"href":"https:\/\/blogs.correiobraziliense.com.br\/servidor\/wp-json\/wp\/v2\/users\/27"}],"replies":[{"embeddable":true,"href":"https:\/\/blogs.correiobraziliense.com.br\/servidor\/wp-json\/wp\/v2\/comments?post=18514"}],"version-history":[{"count":1,"href":"https:\/\/blogs.correiobraziliense.com.br\/servidor\/wp-json\/wp\/v2\/posts\/18514\/revisions"}],"predecessor-version":[{"id":18515,"href":"https:\/\/blogs.correiobraziliense.com.br\/servidor\/wp-json\/wp\/v2\/posts\/18514\/revisions\/18515"}],"wp:attachment":[{"href":"https:\/\/blogs.correiobraziliense.com.br\/servidor\/wp-json\/wp\/v2\/media?parent=18514"}],"wp:term":[{"taxonomy":"category","embeddable":true,"href":"https:\/\/blogs.correiobraziliense.com.br\/servidor\/wp-json\/wp\/v2\/categories?post=18514"},{"taxonomy":"post_tag","embeddable":true,"href":"https:\/\/blogs.correiobraziliense.com.br\/servidor\/wp-json\/wp\/v2\/tags?post=18514"}],"curies":[{"name":"wp","href":"https:\/\/api.w.org\/{rel}","templated":true}]}}