{"id":18499,"date":"2020-12-04T11:48:53","date_gmt":"2020-12-04T14:48:53","guid":{"rendered":"https:\/\/blogs.correiobraziliense.com.br\/servidor\/?p=18499"},"modified":"2020-12-04T11:48:53","modified_gmt":"2020-12-04T14:48:53","slug":"empregados-da-caixa-divulgam-carta-aberta-repudiando-reestruturacao-no-banco","status":"publish","type":"post","link":"https:\/\/blogs.correiobraziliense.com.br\/servidor\/empregados-da-caixa-divulgam-carta-aberta-repudiando-reestruturacao-no-banco\/","title":{"rendered":"Empregados da Caixa divulgam carta aberta repudiando reestrutura\u00e7\u00e3o no banco"},"content":{"rendered":"<p><em><strong>Al\u00e9m da Federa\u00e7\u00e3o Nacional das Associa\u00e7\u00f5es do Pessoal da Caixa Econ\u00f4mica Federal (Fenae), documento \u00e9 assinado por Associa\u00e7\u00e3o Nacional dos Engenheiros e Arquitetos da Caixa Econ\u00f4mica Federal (Aneac), Federa\u00e7\u00e3o Nacional das Associa\u00e7\u00f5es de Gestores da Caixa (Fenag) e Associa\u00e7\u00e3o Nacional dos Empregados da Caixa no Trabalho Social (SocialCaixa). Eles destacam que &#8220;a forma escolhida vem disseminando somente inseguran\u00e7a\u201d e que n\u00e3o tiveram informa\u00e7\u00e3o oficial sobre o que est\u00e1 acontecendo<\/strong><\/em><\/p>\n<p><img loading=\"lazy\" decoding=\"async\" class=\"alignright size-large wp-image-18500\" src=\"https:\/\/blogs.correiobraziliense.com.br\/servidor\/wp-content\/uploads\/sites\/10\/2020\/12\/caixa-pdv-carta-1024x682.jpg\" alt=\"\" width=\"1024\" height=\"682\" srcset=\"https:\/\/blogs.correiobraziliense.com.br\/servidor\/wp-content\/uploads\/sites\/10\/2020\/12\/caixa-pdv-carta-1024x682.jpg 1024w, https:\/\/blogs.correiobraziliense.com.br\/servidor\/wp-content\/uploads\/sites\/10\/2020\/12\/caixa-pdv-carta-300x200.jpg 300w, https:\/\/blogs.correiobraziliense.com.br\/servidor\/wp-content\/uploads\/sites\/10\/2020\/12\/caixa-pdv-carta-768x512.jpg 768w, https:\/\/blogs.correiobraziliense.com.br\/servidor\/wp-content\/uploads\/sites\/10\/2020\/12\/caixa-pdv-carta-800x533.jpg 800w, https:\/\/blogs.correiobraziliense.com.br\/servidor\/wp-content\/uploads\/sites\/10\/2020\/12\/caixa-pdv-carta-550x367.jpg 550w, https:\/\/blogs.correiobraziliense.com.br\/servidor\/wp-content\/uploads\/sites\/10\/2020\/12\/caixa-pdv-carta-230x153.jpg 230w, https:\/\/blogs.correiobraziliense.com.br\/servidor\/wp-content\/uploads\/sites\/10\/2020\/12\/caixa-pdv-carta.jpg 1280w\" sizes=\"auto, (max-width: 1024px) 100vw, 1024px\" \/><\/p>\n<p>V\u00e1rias entidades representativas dos empregados do banco divulgaram uma carta aberta \u00e0 dire\u00e7\u00e3o da estatal condenando o processo de reestrutura\u00e7\u00e3o na empresa sem qualquer negocia\u00e7\u00e3o com os trabalhadores. Trata-se da realoca\u00e7\u00e3o de banc\u00e1rios lotados nas ger\u00eancias executivas de Governo (Gigov) e de Habita\u00e7\u00e3o (Gihab), Representa\u00e7\u00e3o Jur\u00eddica (Rejur), entre outras unidades.<\/p>\n<p>\u201cMais uma vez, o que estamos vendo \u00e9 o desrespeito da dire\u00e7\u00e3o da Caixa com os empregados\u201d, afirma o presidente da Fenae, Sergio Takemoto. \u201cAt\u00e9 o momento, n\u00e3o tivemos nenhuma informa\u00e7\u00e3o oficial sobre que est\u00e1 acontecendo. O que estamos vendo \u00e9 uma medida do banco que est\u00e1 gerando p\u00e2nico e inseguran\u00e7a entre os trabalhadores\u201d, ressalta.<\/p>\n<p>Al\u00e9m da Fenae, assinam o documento a Associa\u00e7\u00e3o Nacional dos Engenheiros e Arquitetos da Caixa Econ\u00f4mica Federal (Aneac), a Federa\u00e7\u00e3o Nacional das Associa\u00e7\u00f5es de Gestores da Caixa (Fenag) e a Associa\u00e7\u00e3o Nacional dos Empregados da Caixa no Trabalho Social (SocialCaixa).<\/p>\n<p>\u201cAinda que a sa\u00edda de empregados da Caixa, em face de aposentadorias, seja por iniciativa pr\u00f3pria ou atrav\u00e9s de PDV\u2019s [Programas de Desligamento Volunt\u00e1rio], bem como a ado\u00e7\u00e3o de novas formas de trabalho, tais como o home office, tenham tornado o espa\u00e7o f\u00edsico de algumas unidades maior que o de outrora, entendemos que a readequa\u00e7\u00e3o destas unidades deveria seguir um planejamento pr\u00e9vio e a devida transpar\u00eancia, ainda mais em um per\u00edodo em que a sa\u00fade p\u00fablica recomenda o isolamento social\u201d, destacam as entidades.<\/p>\n<p>Na carta, os representantes dos trabalhadores condenam a forma como vem sendo feita a realoca\u00e7\u00e3o, prejudicando n\u00e3o somente as condi\u00e7\u00f5es f\u00edsicas mas tamb\u00e9m emocionais dos empregados, que j\u00e1 t\u00eam sido afetados pela pandemia e pela sobrecarga de trabalho.<\/p>\n<p>Desde o in\u00edcio da pandemia do coronav\u00edrus, a Caixa \u00e9 respons\u00e1vel pelo pagamento do aux\u00edlio e do FGTS emergenciais al\u00e9m de outros benef\u00edcios a mais de 120 milh\u00f5es de pessoas: metade da popula\u00e7\u00e3o brasileira.<\/p>\n<p>\u201cManter as condi\u00e7\u00f5es m\u00ednimas para a realiza\u00e7\u00e3o dos trabalhos \u00e9 dever e responsabilidade da empresa. No entanto, a forma escolhida vem disseminando somente inseguran\u00e7a. Al\u00e9m disso, outras vari\u00e1veis deveriam ser levadas em conta. Por exemplo, h\u00e1 casos em que a Caixa, devido \u00e0 quebra do contrato de loca\u00e7\u00e3o, ter\u00e1 que arcar com multas e outras indeniza\u00e7\u00f5es previstas contratualmente\u201d, pontuam.<\/p>\n<p>De acordo com a coordenadora da Comiss\u00e3o Executiva dos Empregados da Caixa (CEE\/Caixa), Fabiana Uehara Proscholdt, a reestrutura\u00e7\u00e3o deveria ser comunicada e negociada com os empregados. &#8220;N\u00f3s temos um acordo coletivo que prev\u00ea a negocia\u00e7\u00e3o com os trabalhadores antes de mudan\u00e7as como essas. E n\u00e3o fomos informados sobre isso. Essa reestrutura\u00e7\u00e3o est\u00e1 sendo feita sem planejamento e debates\u201d, afirma.<\/p>\n<p>Confira a \u00edntegra da Carta Aberta (<a href=\"https:\/\/fenae.org.br\/portal\/data\/files\/E4\/44\/DB\/EB\/EE9267109B59BF57403A91A8\/CARTA%20ABERTA%20A%20DIRECAO%20DA%20CAIXA.pdf\">https:\/\/fenae.org.br\/portal\/data\/files\/E4\/44\/DB\/EB\/EE9267109B59BF57403A91A8\/CARTA%20ABERTA%20A%20DIRECAO%20DA%20CAIXA.pdf<\/a>).<\/p>\n","protected":false},"excerpt":{"rendered":"<p>Al\u00e9m da Federa\u00e7\u00e3o Nacional das Associa\u00e7\u00f5es do Pessoal da Caixa Econ\u00f4mica Federal (Fenae), documento \u00e9 assinado por Associa\u00e7\u00e3o Nacional dos Engenheiros e Arquitetos da Caixa Econ\u00f4mica Federal (Aneac), Federa\u00e7\u00e3o Nacional das Associa\u00e7\u00f5es de Gestores da Caixa (Fenag) e Associa\u00e7\u00e3o Nacional dos Empregados da Caixa no Trabalho Social (SocialCaixa). Eles destacam que &#8220;a forma escolhida vem disseminando somente inseguran\u00e7a\u201d e que [&hellip;]<\/p>\n","protected":false},"author":27,"featured_media":0,"comment_status":"open","ping_status":"closed","sticky":false,"template":"","format":"standard","meta":{"footnotes":""},"categories":[2719],"tags":[1013,1149,891,9045,18543,3471,42,3086,14000,7472,1584,261],"class_list":["post-18499","post","type-post","status-publish","format-standard","hentry","category-servidor","tag-bancarios","tag-caixa","tag-empregados","tag-executivas","tag-gerencias","tag-inseguranca","tag-negociacao","tag-pdv","tag-realocacao","tag-remoto","tag-teletrabalho","tag-trabalho"],"_links":{"self":[{"href":"https:\/\/blogs.correiobraziliense.com.br\/servidor\/wp-json\/wp\/v2\/posts\/18499","targetHints":{"allow":["GET"]}}],"collection":[{"href":"https:\/\/blogs.correiobraziliense.com.br\/servidor\/wp-json\/wp\/v2\/posts"}],"about":[{"href":"https:\/\/blogs.correiobraziliense.com.br\/servidor\/wp-json\/wp\/v2\/types\/post"}],"author":[{"embeddable":true,"href":"https:\/\/blogs.correiobraziliense.com.br\/servidor\/wp-json\/wp\/v2\/users\/27"}],"replies":[{"embeddable":true,"href":"https:\/\/blogs.correiobraziliense.com.br\/servidor\/wp-json\/wp\/v2\/comments?post=18499"}],"version-history":[{"count":1,"href":"https:\/\/blogs.correiobraziliense.com.br\/servidor\/wp-json\/wp\/v2\/posts\/18499\/revisions"}],"predecessor-version":[{"id":18501,"href":"https:\/\/blogs.correiobraziliense.com.br\/servidor\/wp-json\/wp\/v2\/posts\/18499\/revisions\/18501"}],"wp:attachment":[{"href":"https:\/\/blogs.correiobraziliense.com.br\/servidor\/wp-json\/wp\/v2\/media?parent=18499"}],"wp:term":[{"taxonomy":"category","embeddable":true,"href":"https:\/\/blogs.correiobraziliense.com.br\/servidor\/wp-json\/wp\/v2\/categories?post=18499"},{"taxonomy":"post_tag","embeddable":true,"href":"https:\/\/blogs.correiobraziliense.com.br\/servidor\/wp-json\/wp\/v2\/tags?post=18499"}],"curies":[{"name":"wp","href":"https:\/\/api.w.org\/{rel}","templated":true}]}}