{"id":18496,"date":"2020-12-04T11:19:00","date_gmt":"2020-12-04T14:19:00","guid":{"rendered":"https:\/\/blogs.correiobraziliense.com.br\/servidor\/?p=18496"},"modified":"2020-12-04T11:19:46","modified_gmt":"2020-12-04T14:19:46","slug":"brasileiros-de-cambridge-e-oxford-debatem-protecao-da-amazonia","status":"publish","type":"post","link":"https:\/\/blogs.correiobraziliense.com.br\/servidor\/brasileiros-de-cambridge-e-oxford-debatem-protecao-da-amazonia\/","title":{"rendered":"Brasileiros de Cambridge e Oxford debatem prote\u00e7\u00e3o da Amaz\u00f4nia"},"content":{"rendered":"<p><em><strong>Ex-alunos brasileiros das Universidades de Cambridge e Oxford debatem na pr\u00f3xima quarta-feira (9\/12) amea\u00e7as que pairam sobre a Amaz\u00f4nia e Povos Ind\u00edgenas. O evento virtual &#8211; com a participa\u00e7\u00e3o de Marina Silva e S\u00f4nia Guajajara, e media\u00e7\u00e3o do ex-aluno de Oxford, Francisco Maria &#8211; vai apontar novos caminhos para que lideran\u00e7as possam lidar com o grave problema da Amaz\u00f4nia, trazendo para o centro da discuss\u00e3o a vis\u00e3o dos Povos Ind\u00edgenas como um ativo para a biodiversidade social e ambiental do pa\u00eds<\/strong><\/em><\/p>\n<p><img loading=\"lazy\" decoding=\"async\" class=\"alignright size-large wp-image-18497\" src=\"https:\/\/blogs.correiobraziliense.com.br\/servidor\/wp-content\/uploads\/sites\/10\/2020\/12\/OXFORD-CAMBRIDGE-1024x1024.jpg\" alt=\"\" width=\"1024\" height=\"1024\" \/><\/p>\n","protected":false},"excerpt":{"rendered":"<p>Ex-alunos brasileiros das Universidades de Cambridge e Oxford debatem na pr\u00f3xima quarta-feira (9\/12) amea\u00e7as que pairam sobre a Amaz\u00f4nia e Povos Ind\u00edgenas. O evento virtual &#8211; com a participa\u00e7\u00e3o de Marina Silva e S\u00f4nia Guajajara, e media\u00e7\u00e3o do ex-aluno de Oxford, Francisco Maria &#8211; vai apontar novos caminhos para que lideran\u00e7as possam lidar com o grave problema da Amaz\u00f4nia, trazendo [&hellip;]<\/p>\n","protected":false},"author":27,"featured_media":0,"comment_status":"open","ping_status":"closed","sticky":false,"template":"","format":"standard","meta":{"footnotes":""},"categories":[2719],"tags":[6379,9386,16026,18541,1381,5056,18542,15667,2103],"class_list":["post-18496","post","type-post","status-publish","format-standard","hentry","category-servidor","tag-amazonia","tag-ambiental","tag-biodiversidade","tag-cambridge","tag-indigenas","tag-lideranca","tag-oxford","tag-povos","tag-social"],"_links":{"self":[{"href":"https:\/\/blogs.correiobraziliense.com.br\/servidor\/wp-json\/wp\/v2\/posts\/18496","targetHints":{"allow":["GET"]}}],"collection":[{"href":"https:\/\/blogs.correiobraziliense.com.br\/servidor\/wp-json\/wp\/v2\/posts"}],"about":[{"href":"https:\/\/blogs.correiobraziliense.com.br\/servidor\/wp-json\/wp\/v2\/types\/post"}],"author":[{"embeddable":true,"href":"https:\/\/blogs.correiobraziliense.com.br\/servidor\/wp-json\/wp\/v2\/users\/27"}],"replies":[{"embeddable":true,"href":"https:\/\/blogs.correiobraziliense.com.br\/servidor\/wp-json\/wp\/v2\/comments?post=18496"}],"version-history":[{"count":1,"href":"https:\/\/blogs.correiobraziliense.com.br\/servidor\/wp-json\/wp\/v2\/posts\/18496\/revisions"}],"predecessor-version":[{"id":18498,"href":"https:\/\/blogs.correiobraziliense.com.br\/servidor\/wp-json\/wp\/v2\/posts\/18496\/revisions\/18498"}],"wp:attachment":[{"href":"https:\/\/blogs.correiobraziliense.com.br\/servidor\/wp-json\/wp\/v2\/media?parent=18496"}],"wp:term":[{"taxonomy":"category","embeddable":true,"href":"https:\/\/blogs.correiobraziliense.com.br\/servidor\/wp-json\/wp\/v2\/categories?post=18496"},{"taxonomy":"post_tag","embeddable":true,"href":"https:\/\/blogs.correiobraziliense.com.br\/servidor\/wp-json\/wp\/v2\/tags?post=18496"}],"curies":[{"name":"wp","href":"https:\/\/api.w.org\/{rel}","templated":true}]}}