{"id":18475,"date":"2020-12-03T11:01:37","date_gmt":"2020-12-03T14:01:37","guid":{"rendered":"https:\/\/blogs.correiobraziliense.com.br\/servidor\/?p=18475"},"modified":"2020-12-03T11:02:08","modified_gmt":"2020-12-03T14:02:08","slug":"27-nomes-retirados-da-lista-de-personalidades-negras-da-fundacao-palmares","status":"publish","type":"post","link":"https:\/\/blogs.correiobraziliense.com.br\/servidor\/27-nomes-retirados-da-lista-de-personalidades-negras-da-fundacao-palmares\/","title":{"rendered":"27 nomes retirados da lista de personalidades negras da Funda\u00e7\u00e3o Palmares"},"content":{"rendered":"<p><em><strong>O presidente da Funda\u00e7\u00e3o Cultural Palmares, Sergio Camargo, que j\u00e1 criou diversas pol\u00eamicas com o movimento negro, pelo\u00a0Projeto de Decreto Legislativo (PDL) 478\/20,\u00a0 mudou os crit\u00e9rios para a sele\u00e7\u00e3o de personalidades negras que recebem homenagem no site \u00f3rg\u00e3o. Na \u00e9poca, em 11 de novembro, ele disse que agora as homenagens ser\u00e3o p\u00f3stumas. Pessoas de destaque como Milton Nascimento, Martinho da Vila, Lecy Brand\u00e3o e o senador Paulo Paim, entre outros, est\u00e3o fora.<\/strong><\/em><\/p>\n<p>Veja a lista atualizada, divulgada por M\u00e3e Baiana:<\/p>\n<p><img loading=\"lazy\" decoding=\"async\" class=\"alignright size-large wp-image-18476\" src=\"https:\/\/blogs.correiobraziliense.com.br\/servidor\/wp-content\/uploads\/sites\/10\/2020\/12\/NOMES-EXCLUIDOS-PELA-PALMARES-576x1024.jpg\" alt=\"\" width=\"576\" height=\"1024\" srcset=\"https:\/\/blogs.correiobraziliense.com.br\/servidor\/wp-content\/uploads\/sites\/10\/2020\/12\/NOMES-EXCLUIDOS-PELA-PALMARES-576x1024.jpg 576w, https:\/\/blogs.correiobraziliense.com.br\/servidor\/wp-content\/uploads\/sites\/10\/2020\/12\/NOMES-EXCLUIDOS-PELA-PALMARES-169x300.jpg 169w, https:\/\/blogs.correiobraziliense.com.br\/servidor\/wp-content\/uploads\/sites\/10\/2020\/12\/NOMES-EXCLUIDOS-PELA-PALMARES-550x978.jpg 550w, https:\/\/blogs.correiobraziliense.com.br\/servidor\/wp-content\/uploads\/sites\/10\/2020\/12\/NOMES-EXCLUIDOS-PELA-PALMARES-230x409.jpg 230w, https:\/\/blogs.correiobraziliense.com.br\/servidor\/wp-content\/uploads\/sites\/10\/2020\/12\/NOMES-EXCLUIDOS-PELA-PALMARES.jpg 720w\" sizes=\"auto, (max-width: 576px) 100vw, 576px\" \/><\/p>\n","protected":false},"excerpt":{"rendered":"<p>O presidente da Funda\u00e7\u00e3o Cultural Palmares, Sergio Camargo, que j\u00e1 criou diversas pol\u00eamicas com o movimento negro, pelo\u00a0Projeto de Decreto Legislativo (PDL) 478\/20,\u00a0 mudou os crit\u00e9rios para a sele\u00e7\u00e3o de personalidades negras que recebem homenagem no site \u00f3rg\u00e3o. Na \u00e9poca, em 11 de novembro, ele disse que agora as homenagens ser\u00e3o p\u00f3stumas. Pessoas de destaque como Milton Nascimento, Martinho da [&hellip;]<\/p>\n","protected":false},"author":27,"featured_media":0,"comment_status":"open","ping_status":"closed","sticky":false,"template":"","format":"standard","meta":{"footnotes":""},"categories":[2719],"tags":[998,17148,4726,6564,4167,18526],"class_list":["post-18475","post","type-post","status-publish","format-standard","hentry","category-servidor","tag-criterios","tag-fundacao-palmares","tag-homenagem","tag-negras","tag-personalidades","tag-ppdl-478-20"],"_links":{"self":[{"href":"https:\/\/blogs.correiobraziliense.com.br\/servidor\/wp-json\/wp\/v2\/posts\/18475","targetHints":{"allow":["GET"]}}],"collection":[{"href":"https:\/\/blogs.correiobraziliense.com.br\/servidor\/wp-json\/wp\/v2\/posts"}],"about":[{"href":"https:\/\/blogs.correiobraziliense.com.br\/servidor\/wp-json\/wp\/v2\/types\/post"}],"author":[{"embeddable":true,"href":"https:\/\/blogs.correiobraziliense.com.br\/servidor\/wp-json\/wp\/v2\/users\/27"}],"replies":[{"embeddable":true,"href":"https:\/\/blogs.correiobraziliense.com.br\/servidor\/wp-json\/wp\/v2\/comments?post=18475"}],"version-history":[{"count":2,"href":"https:\/\/blogs.correiobraziliense.com.br\/servidor\/wp-json\/wp\/v2\/posts\/18475\/revisions"}],"predecessor-version":[{"id":18478,"href":"https:\/\/blogs.correiobraziliense.com.br\/servidor\/wp-json\/wp\/v2\/posts\/18475\/revisions\/18478"}],"wp:attachment":[{"href":"https:\/\/blogs.correiobraziliense.com.br\/servidor\/wp-json\/wp\/v2\/media?parent=18475"}],"wp:term":[{"taxonomy":"category","embeddable":true,"href":"https:\/\/blogs.correiobraziliense.com.br\/servidor\/wp-json\/wp\/v2\/categories?post=18475"},{"taxonomy":"post_tag","embeddable":true,"href":"https:\/\/blogs.correiobraziliense.com.br\/servidor\/wp-json\/wp\/v2\/tags?post=18475"}],"curies":[{"name":"wp","href":"https:\/\/api.w.org\/{rel}","templated":true}]}}