{"id":18465,"date":"2020-12-02T17:01:18","date_gmt":"2020-12-02T20:01:18","guid":{"rendered":"https:\/\/blogs.correiobraziliense.com.br\/servidor\/?p=18465"},"modified":"2020-12-02T17:03:01","modified_gmt":"2020-12-02T20:03:01","slug":"cvm-debate-comportamento-do-investidor-durante-a-pandemia","status":"publish","type":"post","link":"https:\/\/blogs.correiobraziliense.com.br\/servidor\/cvm-debate-comportamento-do-investidor-durante-a-pandemia\/","title":{"rendered":"CVM debate comportamento do investidor durante a pandemia"},"content":{"rendered":"<p><em><strong>Tema ser\u00e1 debatido durante a Confer\u00eancia de Ci\u00eancias Comportamentais e Educa\u00e7\u00e3o do Investidor, dias 14 e 15 de dezembro. As inscri\u00e7\u00f5es est\u00e3o abertas<\/strong><\/em><\/p>\n<p><img loading=\"lazy\" decoding=\"async\" class=\"alignright size-full wp-image-18468\" src=\"https:\/\/blogs.correiobraziliense.com.br\/servidor\/wp-content\/uploads\/sites\/10\/2020\/12\/CVM.png\" alt=\"\" width=\"902\" height=\"155\" srcset=\"https:\/\/blogs.correiobraziliense.com.br\/servidor\/wp-content\/uploads\/sites\/10\/2020\/12\/CVM.png 902w, https:\/\/blogs.correiobraziliense.com.br\/servidor\/wp-content\/uploads\/sites\/10\/2020\/12\/CVM-300x52.png 300w, https:\/\/blogs.correiobraziliense.com.br\/servidor\/wp-content\/uploads\/sites\/10\/2020\/12\/CVM-768x132.png 768w, https:\/\/blogs.correiobraziliense.com.br\/servidor\/wp-content\/uploads\/sites\/10\/2020\/12\/CVM-800x137.png 800w, https:\/\/blogs.correiobraziliense.com.br\/servidor\/wp-content\/uploads\/sites\/10\/2020\/12\/CVM-550x95.png 550w, https:\/\/blogs.correiobraziliense.com.br\/servidor\/wp-content\/uploads\/sites\/10\/2020\/12\/CVM-230x40.png 230w\" sizes=\"auto, (max-width: 902px) 100vw, 902px\" \/><\/p>\n<p>Neste ano, a 8\u00aa edi\u00e7\u00e3o do evento ser\u00e1 online e realizada pela Comiss\u00e3o de Valores Mobili\u00e1rios (CVM) e pela Organiza\u00e7\u00e3o para a Coopera\u00e7\u00e3o e Desenvolvimento Econ\u00f4mico (OCDE), em parceria com a B3 (Brasil, Bolsa, Balc\u00e3o) e pela Associa\u00e7\u00e3o Brasileira das Entidades dos Mercados Financeiro e de Capitais (Anbima).<\/p>\n<p>A programa\u00e7\u00e3o completa dos eventos est\u00e1 dispon\u00edvel no site <a href=\"http:\/\/www.iecbrazil.com.br\">www.iecbrazil.com.br<\/a> (link para site externo). As inscri\u00e7\u00f5es s\u00e3o gratuitas, pela p\u00e1gina inicial.<\/p>\n<p>Inclui pain\u00e9is sobre:<\/p>\n<p>Comportamento do investidor durante a pandemia<br \/>\nSa\u00fade e qualidade de vida na maturidade<br \/>\nDesigualdade social<br \/>\nInvestidores no mercado de capitais no Brasil<br \/>\nO uso de insights de pesquisas comportamentais para regula\u00e7\u00e3o<\/p>\n<p><strong>Objetivo<\/strong><br \/>\nAnualmente, o evento busca, por meio de uma s\u00e9rie de atividades e palestras sobre estudos comportamentais e educa\u00e7\u00e3o financeira, aprimorar as a\u00e7\u00f5es de prote\u00e7\u00e3o e orienta\u00e7\u00e3o do investidor brasileiro e discutir novas formas de incentivar a forma\u00e7\u00e3o de poupan\u00e7a no pa\u00eds.<\/p>\n<p>A programa\u00e7\u00e3o completa dos eventos est\u00e1 dispon\u00edvel no site www.iecbrazil.com.br (link para site externo). As inscri\u00e7\u00f5es s\u00e3o gratuitas e realizadas na p\u00e1gina inicial.<\/p>\n","protected":false},"excerpt":{"rendered":"<p>Tema ser\u00e1 debatido durante a Confer\u00eancia de Ci\u00eancias Comportamentais e Educa\u00e7\u00e3o do Investidor, dias 14 e 15 de dezembro. As inscri\u00e7\u00f5es est\u00e3o abertas Neste ano, a 8\u00aa edi\u00e7\u00e3o do evento ser\u00e1 online e realizada pela Comiss\u00e3o de Valores Mobili\u00e1rios (CVM) e pela Organiza\u00e7\u00e3o para a Coopera\u00e7\u00e3o e Desenvolvimento Econ\u00f4mico (OCDE), em parceria com a B3 (Brasil, Bolsa, Balc\u00e3o) e pela [&hellip;]<\/p>\n","protected":false},"author":27,"featured_media":0,"comment_status":"open","ping_status":"closed","sticky":false,"template":"","format":"standard","meta":{"footnotes":""},"categories":[2719],"tags":[6361,5795,3331,4589,2067,215,847,781,4747,489,6800,17255,6835],"class_list":["post-18465","post","type-post","status-publish","format-standard","hentry","category-servidor","tag-anbima","tag-b3","tag-capitais","tag-comportamento","tag-conferencia","tag-cvm","tag-debate","tag-inscricoes","tag-investidor","tag-mercado","tag-ocde","tag-pandemia","tag-regulacao"],"_links":{"self":[{"href":"https:\/\/blogs.correiobraziliense.com.br\/servidor\/wp-json\/wp\/v2\/posts\/18465","targetHints":{"allow":["GET"]}}],"collection":[{"href":"https:\/\/blogs.correiobraziliense.com.br\/servidor\/wp-json\/wp\/v2\/posts"}],"about":[{"href":"https:\/\/blogs.correiobraziliense.com.br\/servidor\/wp-json\/wp\/v2\/types\/post"}],"author":[{"embeddable":true,"href":"https:\/\/blogs.correiobraziliense.com.br\/servidor\/wp-json\/wp\/v2\/users\/27"}],"replies":[{"embeddable":true,"href":"https:\/\/blogs.correiobraziliense.com.br\/servidor\/wp-json\/wp\/v2\/comments?post=18465"}],"version-history":[{"count":3,"href":"https:\/\/blogs.correiobraziliense.com.br\/servidor\/wp-json\/wp\/v2\/posts\/18465\/revisions"}],"predecessor-version":[{"id":18469,"href":"https:\/\/blogs.correiobraziliense.com.br\/servidor\/wp-json\/wp\/v2\/posts\/18465\/revisions\/18469"}],"wp:attachment":[{"href":"https:\/\/blogs.correiobraziliense.com.br\/servidor\/wp-json\/wp\/v2\/media?parent=18465"}],"wp:term":[{"taxonomy":"category","embeddable":true,"href":"https:\/\/blogs.correiobraziliense.com.br\/servidor\/wp-json\/wp\/v2\/categories?post=18465"},{"taxonomy":"post_tag","embeddable":true,"href":"https:\/\/blogs.correiobraziliense.com.br\/servidor\/wp-json\/wp\/v2\/tags?post=18465"}],"curies":[{"name":"wp","href":"https:\/\/api.w.org\/{rel}","templated":true}]}}