{"id":18459,"date":"2020-12-02T15:20:31","date_gmt":"2020-12-02T18:20:31","guid":{"rendered":"https:\/\/blogs.correiobraziliense.com.br\/servidor\/?p=18459"},"modified":"2020-12-02T15:20:31","modified_gmt":"2020-12-02T18:20:31","slug":"as-principais-mudancas-para-dar-entrada-na-aposentadoria-em-2021","status":"publish","type":"post","link":"https:\/\/blogs.correiobraziliense.com.br\/servidor\/as-principais-mudancas-para-dar-entrada-na-aposentadoria-em-2021\/","title":{"rendered":"As principais mudan\u00e7as para dar entrada na aposentadoria em 2021"},"content":{"rendered":"<p><em><strong>&#8220;Importante destacar que a regra de transi\u00e7\u00e3o da idade m\u00ednima em 2021 vai mudar: as mulheres precisar\u00e3o ter 57 anos e os homens 62 anos, com o m\u00ednimo de 35 anos de contribui\u00e7\u00e3o para os homens e 30 para as mulheres.\u00a0J\u00e1 a regra de transi\u00e7\u00e3o dos pontos tamb\u00e9m ter\u00e1 altera\u00e7\u00f5es, subindo um ponto. A exig\u00eancia ser\u00e1 que a soma da idade com o tempo de contribui\u00e7\u00e3o passar\u00e1 para 88 pontos para mulheres e 98 pontos para os homens&#8221;<\/strong><\/em><\/p>\n<p><em><strong>Jo\u00e3o Badari*<\/strong><\/em><\/p>\n<p>A Nova Previd\u00eancia completou, recentemente, um ano de vig\u00eancia e trouxe uma s\u00e9rie de mudan\u00e7as para o brasileiro atingir o sonho de dar entrada em sua aposentadoria. Entre elas, existem as regras de transi\u00e7\u00e3o que se modificam anualmente. As regras transit\u00f3rias s\u00e3o uma esp\u00e9cie de &#8220;meio termo&#8221; para os segurados que j\u00e1 estavam contribuindo ao INSS, por\u00e9m ainda n\u00e3o conclu\u00edram os requisitos para dar entrada na aposentadoria. Em 2021 algumas regras ir\u00e3o mudar.<\/p>\n<p>Entretanto, se o segurado j\u00e1 cumpria os requisitos de se aposentar antes de 13 de novembro de 2019 e ainda n\u00e3o pediu seu benef\u00edcio, ou pediu em data posterior a esta, pode ficar tranquilo, pois o direito ser\u00e1 respeitado no momento em que o INSS for conceder a sua aposentadoria.<\/p>\n<p>Importante destacar que a regra de transi\u00e7\u00e3o da idade m\u00ednima em 2021 vai mudar: as mulheres precisar\u00e3o ter 57 anos e os homens 62 anos, com o m\u00ednimo de 35 anos de contribui\u00e7\u00e3o para os homens e 30 para as mulheres.<\/p>\n<p>J\u00e1 a regra de transi\u00e7\u00e3o dos pontos tamb\u00e9m ter\u00e1 altera\u00e7\u00f5es, subindo um ponto. A exig\u00eancia ser\u00e1 que a soma da idade com o tempo de contribui\u00e7\u00e3o passar\u00e1 para 88 pontos para mulheres e 98 pontos para os homens. Por exemplo, no ano de 2020 uma mulher com 57 anos de idade e 30 de contribui\u00e7\u00e3o poderia aposentar-se, em 2021 ela precisa ter, no m\u00ednimo, 58 anos de idade e 30 de contribui\u00e7\u00e3o (poder\u00e1 dar entrada tamb\u00e9m com 57 anos e 6 meses de idade e 30 anos e 6 meses de contribui\u00e7\u00e3o, ou 57 anos de idade e 31 de contribui\u00e7\u00e3o.)<\/p>\n<p>Agora, quem est\u00e1 planejando se aposentar por idade, \u00e9 essencial frisar que a mudan\u00e7a \u00e9 s\u00f3 para mulheres, que ter\u00e3o que completar 61 anos em 2021. Quem faz anivers\u00e1rio no segundo semestre, precisa esperar um pouco mais, pois se a mulher completa 60 anos em julho de 2021, por exemplo, ela s\u00f3 ter\u00e1 61 anos em janeiro de 2022. Por\u00e9m, nessa data, a idade m\u00ednima aumentar\u00e1 para 61 anos e 6 meses anos. Ou seja, ela ter\u00e1 que esperar o anivers\u00e1rio para ter direito \u00e0 aposentadoria nessa categoria.<\/p>\n<p>Na regra de transi\u00e7\u00e3o do ped\u00e1gio de 50% nada muda. Isso porque o segurado, que estava a menos de 2 anos de se aposentar em 13 de novembro de 2019, continuar\u00e1 precisando cumprir os 50% de ped\u00e1gio. Por\u00e9m, nessa regra existe a incid\u00eancia do fator previdenci\u00e1rio (f\u00f3rmula matem\u00e1tica que envolve tr\u00eas fatores: idade, expectativa e o tempo de contribui\u00e7\u00e3o).<\/p>\n<p>Como a tabela de expectativa de vida subiu recentemente, o trabalhador ter\u00e1 que trabalhar cerca de 2 meses a mais em 2021 para compensar no fator previdenci\u00e1rio e manter o mesmo benef\u00edcio que receberia antes de dezembro de 2020. OU o fator previdenci\u00e1rio poder\u00e1 prejudicar o segurado e reduzir o valor final do benef\u00edcio em at\u00e9 40%.<\/p>\n<p>Portanto, \u00e9 fundamental que o segurado realize um planejamento adequado e fique atento \u00e0s principais mudan\u00e7as que ir\u00e3o ocorrer neste novo ano para quem for pedir a aposentadoria no INSS.<\/p>\n<p><em>*Jo\u00e3o Badari<\/em> &#8211; Advogado especialista em Direito Previdenci\u00e1rio e s\u00f3cio do escrit\u00f3rio Aith, Badari e Luchin Advogados<\/p>\n","protected":false},"excerpt":{"rendered":"<p>&#8220;Importante destacar que a regra de transi\u00e7\u00e3o da idade m\u00ednima em 2021 vai mudar: as mulheres precisar\u00e3o ter 57 anos e os homens 62 anos, com o m\u00ednimo de 35 anos de contribui\u00e7\u00e3o para os homens e 30 para as mulheres.\u00a0J\u00e1 a regra de transi\u00e7\u00e3o dos pontos tamb\u00e9m ter\u00e1 altera\u00e7\u00f5es, subindo um ponto. A exig\u00eancia ser\u00e1 que a soma da [&hellip;]<\/p>\n","protected":false},"author":27,"featured_media":0,"comment_status":"open","ping_status":"closed","sticky":false,"template":"","format":"standard","meta":{"footnotes":""},"categories":[2719],"tags":[18497,6,386,131,6001,2246,2054,11,2178,376,1263,3279,751,3379,2226],"class_list":["post-18459","post","type-post","status-publish","format-standard","hentry","category-servidor","tag-18497","tag-aposentadoria","tag-beneficio","tag-contribuicao","tag-exigencia","tag-homens","tag-idade","tag-inss","tag-minima","tag-mudancas","tag-mulheres","tag-ponto","tag-regras","tag-requisitos","tag-transicao"],"_links":{"self":[{"href":"https:\/\/blogs.correiobraziliense.com.br\/servidor\/wp-json\/wp\/v2\/posts\/18459","targetHints":{"allow":["GET"]}}],"collection":[{"href":"https:\/\/blogs.correiobraziliense.com.br\/servidor\/wp-json\/wp\/v2\/posts"}],"about":[{"href":"https:\/\/blogs.correiobraziliense.com.br\/servidor\/wp-json\/wp\/v2\/types\/post"}],"author":[{"embeddable":true,"href":"https:\/\/blogs.correiobraziliense.com.br\/servidor\/wp-json\/wp\/v2\/users\/27"}],"replies":[{"embeddable":true,"href":"https:\/\/blogs.correiobraziliense.com.br\/servidor\/wp-json\/wp\/v2\/comments?post=18459"}],"version-history":[{"count":1,"href":"https:\/\/blogs.correiobraziliense.com.br\/servidor\/wp-json\/wp\/v2\/posts\/18459\/revisions"}],"predecessor-version":[{"id":18460,"href":"https:\/\/blogs.correiobraziliense.com.br\/servidor\/wp-json\/wp\/v2\/posts\/18459\/revisions\/18460"}],"wp:attachment":[{"href":"https:\/\/blogs.correiobraziliense.com.br\/servidor\/wp-json\/wp\/v2\/media?parent=18459"}],"wp:term":[{"taxonomy":"category","embeddable":true,"href":"https:\/\/blogs.correiobraziliense.com.br\/servidor\/wp-json\/wp\/v2\/categories?post=18459"},{"taxonomy":"post_tag","embeddable":true,"href":"https:\/\/blogs.correiobraziliense.com.br\/servidor\/wp-json\/wp\/v2\/tags?post=18459"}],"curies":[{"name":"wp","href":"https:\/\/api.w.org\/{rel}","templated":true}]}}