{"id":18448,"date":"2020-12-01T15:19:22","date_gmt":"2020-12-01T18:19:22","guid":{"rendered":"https:\/\/blogs.correiobraziliense.com.br\/servidor\/?p=18448"},"modified":"2020-12-01T15:19:22","modified_gmt":"2020-12-01T18:19:22","slug":"me-centraliza-gestao-de-128-mil-aposentados-e-pensionistas-em-2020","status":"publish","type":"post","link":"https:\/\/blogs.correiobraziliense.com.br\/servidor\/me-centraliza-gestao-de-128-mil-aposentados-e-pensionistas-em-2020\/","title":{"rendered":"ME centraliza gest\u00e3o de 128 mil aposentados e pensionistas em 2020"},"content":{"rendered":"<p><em><strong>A previs\u00e3o do governo \u00e9 de que a centraliza\u00e7\u00e3o da gest\u00e3o de aposentadorias e benef\u00edcios do Executivo Federal deve gerar efici\u00eancia de R$ 300 milh\u00f5es at\u00e9 o final de 2021<\/strong><\/em><\/p>\n<p>Minist\u00e9rio da Economia (ME) informa que passou a gerir o atendimento e a presta\u00e7\u00e3o de servi\u00e7os de forma centralizada para mais 128 mil inativos e pensionistas do Poder Executivo Federal civil, em 2020. Com a entrega de mais uma etapa neste m\u00eas de novembro, o minist\u00e9rio encerra o cronograma das centraliza\u00e7\u00f5es deste ano. At\u00e9 o final de 2021, a pasta estima que os cerca de 450 mil aposentados e pensionistas da Uni\u00e3o sejam atendidos pelo ME, o que deve gerar uma efici\u00eancia no processo de gest\u00e3o de R$ 300 milh\u00f5es.<\/p>\n<p>Entre os benef\u00edcios destaca-se ainda a otimiza\u00e7\u00e3o da for\u00e7a de trabalho. Atualmente, o governo federal conta com um servidor para atender a cerca de 95 pessoas (servidores ativos, inativos e pensionistas). Espera-se, com a centraliza\u00e7\u00e3o, que esse n\u00famero ultrapasse a marca de 600 vidas geridas por servidor.<\/p>\n<p>\u201cCom a libera\u00e7\u00e3o de servidores para realiza\u00e7\u00e3o de outras atividades nas unidades de origem, o processo de centraliza\u00e7\u00e3o vai ficar menos oneroso e vai viabilizar uma melhor gest\u00e3o dos riscos e controles, a oferta de espa\u00e7os internos e a redu\u00e7\u00e3o de custos administrativos para os \u00f3rg\u00e3os centralizados e a desburocratiza\u00e7\u00e3o\u201d, afirma Wagner Lenhart, secret\u00e1rio de Gest\u00e3o e Desempenho de Pessoal (SGP).<\/p>\n<p>Este m\u00eas, com a centraliza\u00e7\u00e3o das divis\u00f5es de Gest\u00e3o de Pessoas dos estados do Amap\u00e1, Rond\u00f4nia e Roraima, a Secretaria de Gest\u00e3o e Desempenho de Pessoal (SGP) encerra o cronograma de 2020 e chega ao percentual aproximado de 80% dos aposentados e pensionistas do Minist\u00e9rio da Economia.<\/p>\n<p>Segundo Lenhart, a centraliza\u00e7\u00e3o da concess\u00e3o, manuten\u00e7\u00e3o e do pagamento dos benef\u00edcios previdenci\u00e1rios est\u00e1 alinhada com a estrat\u00e9gia do governo de promover efici\u00eancia na administra\u00e7\u00e3o p\u00fablica federal direta com foco no cidad\u00e3o.<\/p>\n<p>\u201cA medida traz uma melhor presta\u00e7\u00e3o de servi\u00e7o p\u00fablico para esses aposentados e pensionistas, uma vez que o fim da pulveriza\u00e7\u00e3o dessas atividades em diferentes \u00f3rg\u00e3os implicar\u00e1 uma padroniza\u00e7\u00e3o, moderniza\u00e7\u00e3o e simplifica\u00e7\u00e3o desses processos\u201d, explica Lenhart.<\/p>\n<p><strong>Hist\u00f3rico<\/strong><\/p>\n<p>Desde 2018, a centraliza\u00e7\u00e3o da gest\u00e3o de aposentadorias e benef\u00edcios do Executivo Federal vem sendo realizada de forma gradativa. No total, a iniciativa j\u00e1 soma cerca de 170 mil pessoas atendidas, o que representa cerca de 40% dos benefici\u00e1rios de toda a Administra\u00e7\u00e3o P\u00fablica Federal direta.<\/p>\n","protected":false},"excerpt":{"rendered":"<p>A previs\u00e3o do governo \u00e9 de que a centraliza\u00e7\u00e3o da gest\u00e3o de aposentadorias e benef\u00edcios do Executivo Federal deve gerar efici\u00eancia de R$ 300 milh\u00f5es at\u00e9 o final de 2021 Minist\u00e9rio da Economia (ME) informa que passou a gerir o atendimento e a presta\u00e7\u00e3o de servi\u00e7os de forma centralizada para mais 128 mil inativos e pensionistas do Poder Executivo Federal [&hellip;]<\/p>\n","protected":false},"author":27,"featured_media":0,"comment_status":"open","ping_status":"closed","sticky":false,"template":"","format":"standard","meta":{"footnotes":""},"categories":[2719],"tags":[345,88,9,315,98,14327,346,1153,9079],"class_list":["post-18448","post","type-post","status-publish","format-standard","hentry","category-servidor","tag-aposentados","tag-economia","tag-executivo","tag-gestao","tag-governo","tag-ministerio-da-economia","tag-pensionistas","tag-pessoal","tag-sgp"],"_links":{"self":[{"href":"https:\/\/blogs.correiobraziliense.com.br\/servidor\/wp-json\/wp\/v2\/posts\/18448","targetHints":{"allow":["GET"]}}],"collection":[{"href":"https:\/\/blogs.correiobraziliense.com.br\/servidor\/wp-json\/wp\/v2\/posts"}],"about":[{"href":"https:\/\/blogs.correiobraziliense.com.br\/servidor\/wp-json\/wp\/v2\/types\/post"}],"author":[{"embeddable":true,"href":"https:\/\/blogs.correiobraziliense.com.br\/servidor\/wp-json\/wp\/v2\/users\/27"}],"replies":[{"embeddable":true,"href":"https:\/\/blogs.correiobraziliense.com.br\/servidor\/wp-json\/wp\/v2\/comments?post=18448"}],"version-history":[{"count":1,"href":"https:\/\/blogs.correiobraziliense.com.br\/servidor\/wp-json\/wp\/v2\/posts\/18448\/revisions"}],"predecessor-version":[{"id":18449,"href":"https:\/\/blogs.correiobraziliense.com.br\/servidor\/wp-json\/wp\/v2\/posts\/18448\/revisions\/18449"}],"wp:attachment":[{"href":"https:\/\/blogs.correiobraziliense.com.br\/servidor\/wp-json\/wp\/v2\/media?parent=18448"}],"wp:term":[{"taxonomy":"category","embeddable":true,"href":"https:\/\/blogs.correiobraziliense.com.br\/servidor\/wp-json\/wp\/v2\/categories?post=18448"},{"taxonomy":"post_tag","embeddable":true,"href":"https:\/\/blogs.correiobraziliense.com.br\/servidor\/wp-json\/wp\/v2\/tags?post=18448"}],"curies":[{"name":"wp","href":"https:\/\/api.w.org\/{rel}","templated":true}]}}