{"id":18442,"date":"2020-11-30T18:08:45","date_gmt":"2020-11-30T21:08:45","guid":{"rendered":"https:\/\/blogs.correiobraziliense.com.br\/servidor\/?p=18442"},"modified":"2020-11-30T18:08:45","modified_gmt":"2020-11-30T21:08:45","slug":"as-abstencoes-como-desobediencia-civil","status":"publish","type":"post","link":"https:\/\/blogs.correiobraziliense.com.br\/servidor\/as-abstencoes-como-desobediencia-civil\/","title":{"rendered":"As absten\u00e7\u00f5es como desobedi\u00eancia civil"},"content":{"rendered":"<p><em><strong>&#8220;Constatei nos mapas eleitorais que, nas elei\u00e7\u00f5es para presidente da rep\u00fablica, governadores e renova\u00e7\u00e3o da C\u00e2mara dos Deputados e Senado Federal, existe um processo semelhante de aumento das absten\u00e7\u00f5es nas elei\u00e7\u00f5es de 2010, 2014 e 2018&#8221;<\/strong><\/em><\/p>\n<p><img loading=\"lazy\" decoding=\"async\" class=\"alignright size-full wp-image-18443\" src=\"https:\/\/blogs.correiobraziliense.com.br\/servidor\/wp-content\/uploads\/sites\/10\/2020\/11\/paulo-baia.jpeg\" alt=\"\" width=\"300\" height=\"420\" srcset=\"https:\/\/blogs.correiobraziliense.com.br\/servidor\/wp-content\/uploads\/sites\/10\/2020\/11\/paulo-baia.jpeg 300w, https:\/\/blogs.correiobraziliense.com.br\/servidor\/wp-content\/uploads\/sites\/10\/2020\/11\/paulo-baia-214x300.jpeg 214w, https:\/\/blogs.correiobraziliense.com.br\/servidor\/wp-content\/uploads\/sites\/10\/2020\/11\/paulo-baia-230x322.jpeg 230w\" sizes=\"auto, (max-width: 300px) 100vw, 300px\" \/><\/p>\n<p><em><strong>*Paulo Ba\u00eda<\/strong><\/em><\/p>\n<p>Ao avaliarmos as tr\u00eas \u00faltimas elei\u00e7\u00f5es municipais no Brasil, de 2012, 2016 e 2020, vemos um aumento sistem\u00e1tico, cont\u00ednuo, dos \u00edndices de aus\u00eancias nas elei\u00e7\u00f5es.<\/p>\n<p>As absten\u00e7\u00f5es s\u00e3o de dif\u00edcil explica\u00e7\u00e3o, as motiva\u00e7\u00f5es e causalidades s\u00e3o m\u00faltiplas.<\/p>\n<p>O voto nulo e o voto em branco s\u00e3o uma indica\u00e7\u00e3o de rejei\u00e7\u00e3o do eleitor a todas as candidaturas ou ao processo eleitoral. O eleitor comparece ao local de vota\u00e7\u00e3o, digita sua repugn\u00e2ncia e confirma.<\/p>\n<p>Em 2020, temos um gen\u00e9rico guarda-chuvas explicativo de que o medo de cont\u00e1gio pela Covid-19 \u00e9 o m\u00f3vel das aus\u00eancias.<\/p>\n<p>Com certeza o medo da pandemia e da infec\u00e7\u00e3o pelo coronav\u00edrus foi motivo para v\u00e1rias aus\u00eancias, n\u00e3o para explicar sua enormidade e seu crescimento nas cidades do Rio de Janeiro, S\u00e3o Paulo, Recife, Porto Alegre.<\/p>\n<p>As cidades citadas est\u00e3o em ritmo de &#8220;normalidade&#8221; em termos de mobilidade urbana e presen\u00e7a de pessoas nas ruas.<\/p>\n<p>As atividades socioecon\u00f4micas est\u00e3o ativas, com com\u00e9rcio aberto e o sistema de transporte funcionando, embora o comit\u00ea gestor da crise sanit\u00e1ria de minha universidade, UFRJ, recomende o distanciamento e afastamento social, a Funda\u00e7\u00e3o Oswaldo Cruz tamb\u00e9m.<\/p>\n<p>Assim, falar que a Covid-19 foi a respons\u00e1vel pelo recorde hist\u00f3rico de absten\u00e7\u00f5es eleitorais n\u00e3o \u00e9 razo\u00e1vel.<\/p>\n<p>Tenho uma hip\u00f3tese, que me veio \u00e0 ideia ao lembrar que o falecido jornalista Ricardo Boechat n\u00e3o votava h\u00e1 anos por considerar o voto obrigat\u00f3rio um acinte, como me chamou aten\u00e7\u00e3o a jornalista Renata Suter<\/p>\n<p>O Cel PM e ex-deputado Emir Campos Larangeira me perguntou se a absten\u00e7\u00e3o n\u00e3o seria um ato de &#8220;Desobedi\u00eancia Civil&#8221;.<\/p>\n<p>Constatei nos mapas eleitorais que, nas elei\u00e7\u00f5es para presidente da rep\u00fablica, governadores e renova\u00e7\u00e3o da C\u00e2mara dos Deputados e Senado Federal, existe um processo semelhante de aumento das absten\u00e7\u00f5es nas elei\u00e7\u00f5es de 2010, 2014 e 2018.<\/p>\n<p>Passei a considerar que a absten\u00e7\u00e3o eleitoral \u00e9 um &#8220;movimento&#8221; n\u00e3o planejado e voluntarista de &#8220;Desobedi\u00eancia Civil&#8221; contra o voto obrigat\u00f3rio no Brasil do s\u00e9culo vinte e um.<\/p>\n<p>A ideia n\u00e3o \u00e9 bem recebida no Congresso Nacional e nos meios pol\u00edticos e militantes de maneira ampla.<\/p>\n<p>O voto facultativo foi descartado sumariamente do processo constituinte de 1987 e 1988.<\/p>\n<p>Em v\u00e1rias democracias modernas e contempor\u00e2neas, o voto \u00e9 uma escolha, votar ou n\u00e3o votar \u00e9 leg\u00edtimo e legal, \u00e9 um ato de cidadania.<\/p>\n<p>O que os amigos e amigas percebem sobre as absten\u00e7\u00f5es crescentes na \u00faltima d\u00e9cada nas elei\u00e7\u00f5es brasileiras?<\/p>\n<p>\u00c9 uma &#8220;Desobedi\u00eancia Civil&#8221;?<\/p>\n<p><em>* Paulo Ba\u00eda<\/em> &#8211; Soci\u00f3logo e cientista pol\u00edtico em 30\/11\/2020.<\/p>\n","protected":false},"excerpt":{"rendered":"<p>&#8220;Constatei nos mapas eleitorais que, nas elei\u00e7\u00f5es para presidente da rep\u00fablica, governadores e renova\u00e7\u00e3o da C\u00e2mara dos Deputados e Senado Federal, existe um processo semelhante de aumento das absten\u00e7\u00f5es nas elei\u00e7\u00f5es de 2010, 2014 e 2018&#8221; *Paulo Ba\u00eda Ao avaliarmos as tr\u00eas \u00faltimas elei\u00e7\u00f5es municipais no Brasil, de 2012, 2016 e 2020, vemos um aumento sistem\u00e1tico, cont\u00ednuo, dos \u00edndices de [&hellip;]<\/p>\n","protected":false},"author":27,"featured_media":0,"comment_status":"open","ping_status":"closed","sticky":false,"template":"","format":"standard","meta":{"footnotes":""},"categories":[2719],"tags":[6031,9018,11866,4910,1319,17245,17256,3298,2021,13033,365,18513,1157,2771,18514,7117],"class_list":["post-18442","post","type-post","status-publish","format-standard","hentry","category-servidor","tag-abstencoes","tag-ausencias","tag-branco","tag-candidaturas","tag-civil","tag-contagio","tag-covid-19","tag-desobediencia","tag-eleicoes","tag-eleitor","tag-medo","tag-nulo","tag-processo","tag-rejeicao","tag-repugnancia","tag-voto"],"_links":{"self":[{"href":"https:\/\/blogs.correiobraziliense.com.br\/servidor\/wp-json\/wp\/v2\/posts\/18442","targetHints":{"allow":["GET"]}}],"collection":[{"href":"https:\/\/blogs.correiobraziliense.com.br\/servidor\/wp-json\/wp\/v2\/posts"}],"about":[{"href":"https:\/\/blogs.correiobraziliense.com.br\/servidor\/wp-json\/wp\/v2\/types\/post"}],"author":[{"embeddable":true,"href":"https:\/\/blogs.correiobraziliense.com.br\/servidor\/wp-json\/wp\/v2\/users\/27"}],"replies":[{"embeddable":true,"href":"https:\/\/blogs.correiobraziliense.com.br\/servidor\/wp-json\/wp\/v2\/comments?post=18442"}],"version-history":[{"count":1,"href":"https:\/\/blogs.correiobraziliense.com.br\/servidor\/wp-json\/wp\/v2\/posts\/18442\/revisions"}],"predecessor-version":[{"id":18444,"href":"https:\/\/blogs.correiobraziliense.com.br\/servidor\/wp-json\/wp\/v2\/posts\/18442\/revisions\/18444"}],"wp:attachment":[{"href":"https:\/\/blogs.correiobraziliense.com.br\/servidor\/wp-json\/wp\/v2\/media?parent=18442"}],"wp:term":[{"taxonomy":"category","embeddable":true,"href":"https:\/\/blogs.correiobraziliense.com.br\/servidor\/wp-json\/wp\/v2\/categories?post=18442"},{"taxonomy":"post_tag","embeddable":true,"href":"https:\/\/blogs.correiobraziliense.com.br\/servidor\/wp-json\/wp\/v2\/tags?post=18442"}],"curies":[{"name":"wp","href":"https:\/\/api.w.org\/{rel}","templated":true}]}}