{"id":18439,"date":"2020-11-30T17:55:54","date_gmt":"2020-11-30T20:55:54","guid":{"rendered":"https:\/\/blogs.correiobraziliense.com.br\/servidor\/?p=18439"},"modified":"2020-11-30T17:55:54","modified_gmt":"2020-11-30T20:55:54","slug":"mpf-aplica-provas-para-selecao-de-estagio-nesta-quarta-2-as-14h","status":"publish","type":"post","link":"https:\/\/blogs.correiobraziliense.com.br\/servidor\/mpf-aplica-provas-para-selecao-de-estagio-nesta-quarta-2-as-14h\/","title":{"rendered":"MPF aplica provas para sele\u00e7\u00e3o de est\u00e1gio nesta quarta (2), \u00e0s 14h"},"content":{"rendered":"<p><em><strong>Candidatos inscritos para administra\u00e7\u00e3o, arquitetura, arquivologia, biblioteconomia, inform\u00e1tica e jornalismo far\u00e3o a avalia\u00e7\u00e3o<\/strong><\/em><\/p>\n<p><img loading=\"lazy\" decoding=\"async\" class=\"alignright size-full wp-image-18440\" src=\"https:\/\/blogs.correiobraziliense.com.br\/servidor\/wp-content\/uploads\/sites\/10\/2020\/11\/concurso-est\u00e1gio-MPFRJ.png\" alt=\"\" width=\"400\" height=\"266\" srcset=\"https:\/\/blogs.correiobraziliense.com.br\/servidor\/wp-content\/uploads\/sites\/10\/2020\/11\/concurso-est\u00e1gio-MPFRJ.png 400w, https:\/\/blogs.correiobraziliense.com.br\/servidor\/wp-content\/uploads\/sites\/10\/2020\/11\/concurso-est\u00e1gio-MPFRJ-300x200.png 300w, https:\/\/blogs.correiobraziliense.com.br\/servidor\/wp-content\/uploads\/sites\/10\/2020\/11\/concurso-est\u00e1gio-MPFRJ-230x153.png 230w\" sizes=\"auto, (max-width: 400px) 100vw, 400px\" \/><\/p>\n<p>As provas do 21\u00ba Processo Seletivo para estagi\u00e1rios em \u00e1reas administrativas da Procuradoria da Rep\u00fablica no Rio de Janeiro ser\u00e1 na pr\u00f3xima quarta-feira (2), \u00e0s 14 horas.\u00a0O processo seletivo ter\u00e1 validade de 6 meses, a partir da data da assinatura do Edital do\u00a0resultado final, podendo ser prorrogado uma vez, por igual per\u00edodo, a crit\u00e9rio do Coordenador\u00a0de Est\u00e1gio Acad\u00eamico da PRRJ.<\/p>\n<p>Ir\u00e3o fazer a prova os candidatos inscritos para administra\u00e7\u00e3o, arquitetura, arquivologia, biblioteconomia, inform\u00e1tica e jornalismo. O exame ter\u00e1 25 quest\u00f5es objetivas e duas subjetivas e ser\u00e1 pela plataforma Moodle com dura\u00e7\u00e3o de tr\u00eas horas. N\u00e3o ser\u00e1 permitido acesso ao link das provas de candidatos ap\u00f3s o hor\u00e1rio do in\u00edcio do certame.<\/p>\n<p>O candidato aprovado ser\u00e1 convocado para contrata\u00e7\u00e3o por meio de mensagem eletr\u00f4nica,\u00a0obedecendo-se \u00e0 ordem de classifica\u00e7\u00e3o ao longo da validade da presente sele\u00e7\u00e3o e de acordo\u00a0com o quadro de vagas.<\/p>\n<p>Veja o <a href=\"http:\/\/www.mpf.mp.br\/rj\/estagie-conosco\/estagie-conosco\/concurso-estagiario-capital\/em-andamento\/21o-concurso-de-estagio-de-outras-areas\">edital<\/a>.<\/p>\n<p><em>Arte: Secom\/MPF<\/em><\/p>\n","protected":false},"excerpt":{"rendered":"<p>Candidatos inscritos para administra\u00e7\u00e3o, arquitetura, arquivologia, biblioteconomia, inform\u00e1tica e jornalismo far\u00e3o a avalia\u00e7\u00e3o As provas do 21\u00ba Processo Seletivo para estagi\u00e1rios em \u00e1reas administrativas da Procuradoria da Rep\u00fablica no Rio de Janeiro ser\u00e1 na pr\u00f3xima quarta-feira (2), \u00e0s 14 horas.\u00a0O processo seletivo ter\u00e1 validade de 6 meses, a partir da data da assinatura do Edital do\u00a0resultado final, podendo ser prorrogado [&hellip;]<\/p>\n","protected":false},"author":27,"featured_media":0,"comment_status":"open","ping_status":"closed","sticky":false,"template":"","format":"standard","meta":{"footnotes":""},"categories":[2719],"tags":[178,6189,92,1159,821,12403,453,4658,728,2508,3645],"class_list":["post-18439","post","type-post","status-publish","format-standard","hentry","category-servidor","tag-candidatos","tag-certame","tag-edital","tag-estagio","tag-inscritos","tag-link","tag-mpf","tag-online","tag-provas","tag-resultado","tag-selecao"],"_links":{"self":[{"href":"https:\/\/blogs.correiobraziliense.com.br\/servidor\/wp-json\/wp\/v2\/posts\/18439","targetHints":{"allow":["GET"]}}],"collection":[{"href":"https:\/\/blogs.correiobraziliense.com.br\/servidor\/wp-json\/wp\/v2\/posts"}],"about":[{"href":"https:\/\/blogs.correiobraziliense.com.br\/servidor\/wp-json\/wp\/v2\/types\/post"}],"author":[{"embeddable":true,"href":"https:\/\/blogs.correiobraziliense.com.br\/servidor\/wp-json\/wp\/v2\/users\/27"}],"replies":[{"embeddable":true,"href":"https:\/\/blogs.correiobraziliense.com.br\/servidor\/wp-json\/wp\/v2\/comments?post=18439"}],"version-history":[{"count":1,"href":"https:\/\/blogs.correiobraziliense.com.br\/servidor\/wp-json\/wp\/v2\/posts\/18439\/revisions"}],"predecessor-version":[{"id":18441,"href":"https:\/\/blogs.correiobraziliense.com.br\/servidor\/wp-json\/wp\/v2\/posts\/18439\/revisions\/18441"}],"wp:attachment":[{"href":"https:\/\/blogs.correiobraziliense.com.br\/servidor\/wp-json\/wp\/v2\/media?parent=18439"}],"wp:term":[{"taxonomy":"category","embeddable":true,"href":"https:\/\/blogs.correiobraziliense.com.br\/servidor\/wp-json\/wp\/v2\/categories?post=18439"},{"taxonomy":"post_tag","embeddable":true,"href":"https:\/\/blogs.correiobraziliense.com.br\/servidor\/wp-json\/wp\/v2\/tags?post=18439"}],"curies":[{"name":"wp","href":"https:\/\/api.w.org\/{rel}","templated":true}]}}