{"id":18421,"date":"2020-11-28T15:57:44","date_gmt":"2020-11-28T18:57:44","guid":{"rendered":"https:\/\/blogs.correiobraziliense.com.br\/servidor\/?p=18421"},"modified":"2020-11-28T15:57:44","modified_gmt":"2020-11-28T18:57:44","slug":"centrais-sindicais-querem-eduardo-bolsonaro-fora-da-comissao-de-relacoes-exteriores","status":"publish","type":"post","link":"https:\/\/blogs.correiobraziliense.com.br\/servidor\/centrais-sindicais-querem-eduardo-bolsonaro-fora-da-comissao-de-relacoes-exteriores\/","title":{"rendered":"Centrais sindicais querem Eduardo Bolsonaro fora da Comiss\u00e3o de Rela\u00e7\u00f5es Exteriores"},"content":{"rendered":"<p><em><strong>Presidentes das cinco principais centrais sindicais, por meio de nota conjunta, solicitam &#8220;o imediato afastamento do deputado Eduardo Bolsonaro (PSL-SP) da sua fun\u00e7\u00e3o de presidente da Comiss\u00e3o de Rela\u00e7\u00f5es Exteriores da C\u00e2mara dos Deputados e o restabelecimento da dignidade em nossa diplomacia&#8221;<\/strong><\/em><\/p>\n<p><img loading=\"lazy\" decoding=\"async\" class=\"alignright size-large wp-image-18422\" src=\"https:\/\/blogs.correiobraziliense.com.br\/servidor\/wp-content\/uploads\/sites\/10\/2020\/11\/eduardo-bolsonaro-714x1024.jpg\" alt=\"\" width=\"714\" height=\"1024\" srcset=\"https:\/\/blogs.correiobraziliense.com.br\/servidor\/wp-content\/uploads\/sites\/10\/2020\/11\/eduardo-bolsonaro-714x1024.jpg 714w, https:\/\/blogs.correiobraziliense.com.br\/servidor\/wp-content\/uploads\/sites\/10\/2020\/11\/eduardo-bolsonaro-209x300.jpg 209w, https:\/\/blogs.correiobraziliense.com.br\/servidor\/wp-content\/uploads\/sites\/10\/2020\/11\/eduardo-bolsonaro-768x1102.jpg 768w, https:\/\/blogs.correiobraziliense.com.br\/servidor\/wp-content\/uploads\/sites\/10\/2020\/11\/eduardo-bolsonaro-800x1148.jpg 800w, https:\/\/blogs.correiobraziliense.com.br\/servidor\/wp-content\/uploads\/sites\/10\/2020\/11\/eduardo-bolsonaro-550x789.jpg 550w, https:\/\/blogs.correiobraziliense.com.br\/servidor\/wp-content\/uploads\/sites\/10\/2020\/11\/eduardo-bolsonaro-230x330.jpg 230w, https:\/\/blogs.correiobraziliense.com.br\/servidor\/wp-content\/uploads\/sites\/10\/2020\/11\/eduardo-bolsonaro.jpg 1150w\" sizes=\"auto, (max-width: 714px) 100vw, 714px\" \/><\/p>\n<p>Ao presidente da C\u00e2mara, Rodrigo Maia (DEM-RJ), eles manifestam &#8220;rep\u00fadio aos pronunciamentos absurdos e levianos&#8221; do filho do presidente da Rep\u00fablica, cujos &#8220;impactos para as nossas rela\u00e7\u00f5es soberanas de respeito e de coopera\u00e7\u00e3o internacional, assim como para as empresas e para os empregos, s\u00e3o incalcul\u00e1veis em termos quantitativos e qualitativos&#8221;. Dizem ainda que \u00e9 &#8220;inaceit\u00e1vel que o Congresso Nacional recepcione em fun\u00e7\u00e3o dessa relev\u00e2ncia um parlamentar que desqualifica e coloca em descr\u00e9dito, diante do mundo, a na\u00e7\u00e3o brasileira e suas institui\u00e7\u00f5es&#8221;<\/p>\n<p>Veja a nota:<\/p>\n<p>&#8220;S\u00e3o Paulo, 27 de novembro de 2020<br \/>\nEXMO. SR.<br \/>\nDEPUTADO FEDERAL RODRIGO MAIA<br \/>\nMD. PRESIDENTE DA C\u00c2MARA DOS DEPUTADOS<br \/>\nBRAS\u00cdLIA \u2013 DF<br \/>\nSenhor Presidente,<\/p>\n<p>As Centrais Sindicais CUT, For\u00e7a Sindical, UGT, CTB, NCST e CSB v\u00eam, por meio desta, manifestar rep\u00fadio aos pronunciamentos absurdos e levianos do Deputado Eduardo Bolsonaro, presidente da Comiss\u00e3o de Rela\u00e7\u00f5es Exteriores da C\u00e2mara dos Deputados, dirigidos \u00e0 China.<\/p>\n<p>Os ataques irrespons\u00e1veis que o Deputado desferiu em sua conta no Twitter contrastam com a alta qualidade das rela\u00e7\u00f5es diplom\u00e1ticas que o Brasil construiu ao longo de d\u00e9cadas e que, atrav\u00e9s de atitudes como a que enfrentamos neste momento, o Governo Bolsonaro vem sistematicamente destruindo.<\/p>\n<p>Os impactos para as nossas rela\u00e7\u00f5es soberanas de respeito e de coopera\u00e7\u00e3o internacional, assim como para as empresas e para os empregos, s\u00e3o incalcul\u00e1veis em termos quantitativos e qualitativos.<\/p>\n<p>Consideramos inaceit\u00e1vel que o Congresso Nacional recepcione em fun\u00e7\u00e3o dessa relev\u00e2ncia um parlamentar que desqualifica e coloca em descr\u00e9dito, diante do mundo, a na\u00e7\u00e3o brasileira e suas institui\u00e7\u00f5es.<\/p>\n<p>Diante disso, solicitamos o imediato afastamento do Deputado da sua fun\u00e7\u00e3o de presidente da Comiss\u00e3o de Rela\u00e7\u00f5es Exteriores da C\u00e2mara dos Deputados e o restabelecimento da dignidade em nossa diplomacia.<\/p>\n<p>Certos da sua aten\u00e7\u00e3o,<br \/>\nAtenciosamente,<br \/>\nS\u00e9rgio Nobre, presidente da Central \u00danica dos Trabalhadores (CUT)<br \/>\nMiguel Eduardo Torres, presidente da For\u00e7a Sindical<br \/>\nRicardo Patah, presidente da Uni\u00e3o Geral dos Trabalhadores (UGT)<br \/>\nAdilson Ara\u00fajo, presidente da Central dos Trabalhadores e Trabalhadoras do Brasil (CTB)<br \/>\nAnt\u00f4nio Neto, presidente da Central dos Sindicatos Brasileiros (CSB)<br \/>\nJos\u00e9 Calixto Ramos, presidente da Nova Central Sindical de Trabalhadores (NCST)&#8221;<\/p>\n","protected":false},"excerpt":{"rendered":"<p>Presidentes das cinco principais centrais sindicais, por meio de nota conjunta, solicitam &#8220;o imediato afastamento do deputado Eduardo Bolsonaro (PSL-SP) da sua fun\u00e7\u00e3o de presidente da Comiss\u00e3o de Rela\u00e7\u00f5es Exteriores da C\u00e2mara dos Deputados e o restabelecimento da dignidade em nossa diplomacia&#8221; Ao presidente da C\u00e2mara, Rodrigo Maia (DEM-RJ), eles manifestam &#8220;rep\u00fadio aos pronunciamentos absurdos e levianos&#8221; do filho do [&hellip;]<\/p>\n","protected":false},"author":27,"featured_media":0,"comment_status":"open","ping_status":"closed","sticky":false,"template":"","format":"standard","meta":{"footnotes":""},"categories":[2719],"tags":[1101,18507,693,1178,359,13945,16366,2603,390,1071,5376,3846,3859,4426],"class_list":["post-18421","post","type-post","status-publish","format-standard","hentry","category-servidor","tag-centrais-sindicais","tag-comissao-de-relacoes-exteriores","tag-congresso-nacional","tag-cooperacao","tag-deputado","tag-diplomaticas","tag-eduardo-bolsonaro","tag-empregos","tag-empresas","tag-internacional","tag-relacoes","tag-rodrigo-maia","tag-soberania","tag-twitter"],"_links":{"self":[{"href":"https:\/\/blogs.correiobraziliense.com.br\/servidor\/wp-json\/wp\/v2\/posts\/18421","targetHints":{"allow":["GET"]}}],"collection":[{"href":"https:\/\/blogs.correiobraziliense.com.br\/servidor\/wp-json\/wp\/v2\/posts"}],"about":[{"href":"https:\/\/blogs.correiobraziliense.com.br\/servidor\/wp-json\/wp\/v2\/types\/post"}],"author":[{"embeddable":true,"href":"https:\/\/blogs.correiobraziliense.com.br\/servidor\/wp-json\/wp\/v2\/users\/27"}],"replies":[{"embeddable":true,"href":"https:\/\/blogs.correiobraziliense.com.br\/servidor\/wp-json\/wp\/v2\/comments?post=18421"}],"version-history":[{"count":1,"href":"https:\/\/blogs.correiobraziliense.com.br\/servidor\/wp-json\/wp\/v2\/posts\/18421\/revisions"}],"predecessor-version":[{"id":18423,"href":"https:\/\/blogs.correiobraziliense.com.br\/servidor\/wp-json\/wp\/v2\/posts\/18421\/revisions\/18423"}],"wp:attachment":[{"href":"https:\/\/blogs.correiobraziliense.com.br\/servidor\/wp-json\/wp\/v2\/media?parent=18421"}],"wp:term":[{"taxonomy":"category","embeddable":true,"href":"https:\/\/blogs.correiobraziliense.com.br\/servidor\/wp-json\/wp\/v2\/categories?post=18421"},{"taxonomy":"post_tag","embeddable":true,"href":"https:\/\/blogs.correiobraziliense.com.br\/servidor\/wp-json\/wp\/v2\/tags?post=18421"}],"curies":[{"name":"wp","href":"https:\/\/api.w.org\/{rel}","templated":true}]}}