{"id":18414,"date":"2020-11-26T12:33:11","date_gmt":"2020-11-26T15:33:11","guid":{"rendered":"https:\/\/blogs.correiobraziliense.com.br\/servidor\/?p=18414"},"modified":"2020-11-26T12:33:11","modified_gmt":"2020-11-26T15:33:11","slug":"senado-tambem-quer-saber-sobre-a-fundamentacao-dos-dados-da-reforma-administrativa-do-governo","status":"publish","type":"post","link":"https:\/\/blogs.correiobraziliense.com.br\/servidor\/senado-tambem-quer-saber-sobre-a-fundamentacao-dos-dados-da-reforma-administrativa-do-governo\/","title":{"rendered":"Senado tamb\u00e9m quer saber sobre a fundamenta\u00e7\u00e3o dos dados da reforma administrativa do governo"},"content":{"rendered":"<p><strong><em>Jos\u00e9 Serra (PSDB\/SP) apresentou requerimento cobrando do Minist\u00e9rio da Economia proje\u00e7\u00f5es com\u00a0metodologia de c\u00e1lculo e hip\u00f3teses adotadas para os pr\u00f3ximos 10 anos, al\u00e9m do<\/em> quantitativo dos servidores que ganham acima do teto STF, em todos os Poderes e nos governos\u00a0estaduais e municipais, entre outros pontos<\/strong><\/p>\n<p><img loading=\"lazy\" decoding=\"async\" class=\"alignright size-large wp-image-18415\" src=\"https:\/\/blogs.correiobraziliense.com.br\/servidor\/wp-content\/uploads\/sites\/10\/2020\/11\/reforma_administrativa-1024x576.jpg\" alt=\"\" width=\"1024\" height=\"576\" \/><\/p>\n<p><em>Foto: Asmetro\/SN<\/em><\/p>\n<p>O senador Jos\u00e9 Serra (PSDB\/SP) tamb\u00e9m demonstrou interesse\u00a0nas informa\u00e7\u00f5es que serviram de base para o texto da Proposta de\u00a0Emenda Constitucional (PEC) 32\/2020. Nesta quarta (25), ele apresentou\u00a0um requerimento ao Minist\u00e9rio da Economia pedindo\u00a0explica\u00e7\u00f5es \u201cpara dar maior transpar\u00eancia ao debate p\u00fablico\u201d, informou a Frente Parlamentar Servir Brasil.<\/p>\n<p>Com este mesmo objetivo, a FPM Servir Brasil cobrou do ministro da Economia, Paulo Guedes, em outubro passado, os elementos que\u00a0contribu\u00edram para a reda\u00e7\u00e3o apresentada pelo Executivo Federal,\u00a0especialmente aqueles que tratam dos impactos or\u00e7ament\u00e1rios da\u00a0proposta.<\/p>\n<p>No requerimento, Serra pediu \u201cproje\u00e7\u00f5es com metodologia de c\u00e1lculo\u00a0e hip\u00f3teses adotadas\u201d para os pr\u00f3ximos 10 anos sobre:<br \/>\n&#8211; a economia fiscal estimada com servidores ativos;<br \/>\n&#8211; o hist\u00f3rico do aumento das despesas com pessoal relativas a promo\u00e7\u00f5es\u00a0e progress\u00f5es;<br \/>\n&#8211; a taxa de reposi\u00e7\u00e3o dos servidores aptos \u00e0 aposentadoria com as raz\u00f5es\u00a0que explicam o n\u00e3o comprometimento da presta\u00e7\u00e3o dos servi\u00e7os p\u00fablicos;<br \/>\n&#8211; quantitativo dos servidores que ganham acima do teto do Supremo\u00a0Tribunal Federal (STF), inclusive em outros poderes e nos governos\u00a0estaduais e municipais;<br \/>\n&#8211; hist\u00f3rico de extin\u00e7\u00e3o de benef\u00edcios do Regime Pr\u00f3prio de Previd\u00eancia\u00a0Social (RPPS) e progress\u00e3o estimada, financeira e atuarial, com\u00a0quantitativo, mediana e percentis dos valores a serem extintos.<\/p>\n<p><strong>Reforma \u00e0s pressas<\/strong><\/p>\n<p>De acordo com a Frente, a iniciativa do Senado mostra que o Mandado de Seguran\u00e7a\u00a037.488, impetrado no Supremo Tribunal Federal (STF) para a obstru\u00e7\u00e3o\u00a0do andamento da PEC 32 no Congresso Nacional sem a divulga\u00e7\u00e3o de\u00a0todos os elementos que subsidiaram a elabora\u00e7\u00e3o do texto apresentado,\u00a0continua provocando rea\u00e7\u00f5es.<\/p>\n<p>&#8220;A press\u00e3o dos parlamentares da FPM Servir Brasil foi essencial\u00a0para ensejar n\u00e3o apenas a manifesta\u00e7\u00e3o do Legislativo sobre o texto n\u00e3o devidamente fundamentado pelo Executivo, mas igualmente deixar alerta\u00a0os poderes sobre poss\u00edveis viola\u00e7\u00f5es \u00e0 razo\u00e1vel tramita\u00e7\u00e3o, caso os dados\u00a0requeridos n\u00e3o sejam apresentados&#8221;, refor\u00e7a a Servir Brasil.<\/p>\n","protected":false},"excerpt":{"rendered":"<p>Jos\u00e9 Serra (PSDB\/SP) apresentou requerimento cobrando do Minist\u00e9rio da Economia proje\u00e7\u00f5es com\u00a0metodologia de c\u00e1lculo e hip\u00f3teses adotadas para os pr\u00f3ximos 10 anos, al\u00e9m do quantitativo dos servidores que ganham acima do teto STF, em todos os Poderes e nos governos\u00a0estaduais e municipais, entre outros pontos Foto: Asmetro\/SN O senador Jos\u00e9 Serra (PSDB\/SP) tamb\u00e9m demonstrou interesse\u00a0nas informa\u00e7\u00f5es que serviram de base [&hellip;]<\/p>\n","protected":false},"author":27,"featured_media":0,"comment_status":"open","ping_status":"closed","sticky":false,"template":"","format":"standard","meta":{"footnotes":""},"categories":[2719],"tags":[167,1689,124,1587,98,14327,1690,14501,18170,3839,15938,1959,696,58],"class_list":["post-18414","post","type-post","status-publish","format-standard","hentry","category-servidor","tag-dados","tag-estaduais","tag-federal","tag-fundamental","tag-governo","tag-ministerio-da-economia","tag-municipais","tag-paulo-guedes","tag-pec-32-2020","tag-poderes","tag-reforma-administrativa","tag-requerimento","tag-senado","tag-servidores"],"_links":{"self":[{"href":"https:\/\/blogs.correiobraziliense.com.br\/servidor\/wp-json\/wp\/v2\/posts\/18414","targetHints":{"allow":["GET"]}}],"collection":[{"href":"https:\/\/blogs.correiobraziliense.com.br\/servidor\/wp-json\/wp\/v2\/posts"}],"about":[{"href":"https:\/\/blogs.correiobraziliense.com.br\/servidor\/wp-json\/wp\/v2\/types\/post"}],"author":[{"embeddable":true,"href":"https:\/\/blogs.correiobraziliense.com.br\/servidor\/wp-json\/wp\/v2\/users\/27"}],"replies":[{"embeddable":true,"href":"https:\/\/blogs.correiobraziliense.com.br\/servidor\/wp-json\/wp\/v2\/comments?post=18414"}],"version-history":[{"count":1,"href":"https:\/\/blogs.correiobraziliense.com.br\/servidor\/wp-json\/wp\/v2\/posts\/18414\/revisions"}],"predecessor-version":[{"id":18416,"href":"https:\/\/blogs.correiobraziliense.com.br\/servidor\/wp-json\/wp\/v2\/posts\/18414\/revisions\/18416"}],"wp:attachment":[{"href":"https:\/\/blogs.correiobraziliense.com.br\/servidor\/wp-json\/wp\/v2\/media?parent=18414"}],"wp:term":[{"taxonomy":"category","embeddable":true,"href":"https:\/\/blogs.correiobraziliense.com.br\/servidor\/wp-json\/wp\/v2\/categories?post=18414"},{"taxonomy":"post_tag","embeddable":true,"href":"https:\/\/blogs.correiobraziliense.com.br\/servidor\/wp-json\/wp\/v2\/tags?post=18414"}],"curies":[{"name":"wp","href":"https:\/\/api.w.org\/{rel}","templated":true}]}}