{"id":18407,"date":"2020-11-26T10:14:15","date_gmt":"2020-11-26T13:14:15","guid":{"rendered":"https:\/\/blogs.correiobraziliense.com.br\/servidor\/?p=18407"},"modified":"2020-11-26T10:14:15","modified_gmt":"2020-11-26T13:14:15","slug":"sidney-klajner-presidente-do-albert-einstein-fala-sobre-as-novas-vacinas-e-cenario-do-covid-19-em-2021","status":"publish","type":"post","link":"https:\/\/blogs.correiobraziliense.com.br\/servidor\/sidney-klajner-presidente-do-albert-einstein-fala-sobre-as-novas-vacinas-e-cenario-do-covid-19-em-2021\/","title":{"rendered":"Sidney Klajner, presidente do Albert Einstein, fala sobre as novas vacinas e cen\u00e1rio do Covid-19 em 2021"},"content":{"rendered":"<p><em><strong>Hoje (26), \u00e0s 11h30,\u00a0Sidney Klajner, presidente da Sociedade Beneficente Israelita Brasileira Albert Einstein, \u00e9 o convidado do canal Federa\u00e7\u00e3o Brasileira de Bancos (Febraban News) para discutir os cen\u00e1rios do combate \u00e0 Covid-19 nos pr\u00f3ximos meses<\/strong><\/em><\/p>\n<p>Em debate ao vivo, Klajner far\u00e1 avalia\u00e7\u00e3o sobre as vacinas que est\u00e3o sendo produzidas no mundo para enfrentar o v\u00edrus, suas possibilidades, a segunda onda de contamina\u00e7\u00e3o no Brasil e no mundo e como o pa\u00eds se prepara para o pr\u00f3ximo ano.<\/p>\n<p>Presidente do Einstein desde 2017, Klajner \u00e9 graduado em Medicina pela Faculdade de Medicina da Universidade de S\u00e3o Paulo, tem resid\u00eancia m\u00e9dica em Cirurgia Geral e Cirurgia do Aparelho Digestivo pelo Hospital das Cl\u00ednicas da Faculdade de Medicina da Universidade de S\u00e3o Paulo e \u00e9 mestre em Cirurgia do Aparelho Digestivo pela mesma institui\u00e7\u00e3o.<\/p>\n<p>Al\u00e9m disso, integra a alian\u00e7a Todos pela Sa\u00fade, grupo de especialistas formado para contribuir para combater a pandemia nas diferentes classes sociais e apoiar as iniciativas da sa\u00fade p\u00fablica.<\/p>\n<p>O diretor de Comunica\u00e7\u00e3o, Marketing e Eventos da Febraban, Jo\u00e3o Borges, e os diretores-adjuntos Mona Dorf e Gustavo Paul, ir\u00e3o entrevist\u00e1-lo.<\/p>\n<p>Acompanhe em:<\/p>\n<p><iframe loading=\"lazy\" title=\"Live: Sidney Klajner, presidente do Albert Einstein, sobre os cen\u00e1rios do combate \u00e0 Covid-19 em 2021\" width=\"1440\" height=\"810\" src=\"https:\/\/www.youtube.com\/embed\/U7M08HwP2-g?feature=oembed\" frameborder=\"0\" allow=\"accelerometer; autoplay; clipboard-write; encrypted-media; gyroscope; picture-in-picture; web-share\" referrerpolicy=\"strict-origin-when-cross-origin\" allowfullscreen><\/iframe><\/p>\n<p>https:\/\/www.linkedin.com\/company\/febraban\/<\/p>\n","protected":false},"excerpt":{"rendered":"<p>Hoje (26), \u00e0s 11h30,\u00a0Sidney Klajner, presidente da Sociedade Beneficente Israelita Brasileira Albert Einstein, \u00e9 o convidado do canal Federa\u00e7\u00e3o Brasileira de Bancos (Febraban News) para discutir os cen\u00e1rios do combate \u00e0 Covid-19 nos pr\u00f3ximos meses Em debate ao vivo, Klajner far\u00e1 avalia\u00e7\u00e3o sobre as vacinas que est\u00e3o sendo produzidas no mundo para enfrentar o v\u00edrus, suas possibilidades, a segunda onda [&hellip;]<\/p>\n","protected":false},"author":27,"featured_media":0,"comment_status":"open","ping_status":"closed","sticky":false,"template":"","format":"standard","meta":{"footnotes":""},"categories":[2719],"tags":[10474,17256,18504,17255,18503,18505],"class_list":["post-18407","post","type-post","status-publish","format-standard","hentry","category-servidor","tag-contaminacao","tag-covid-19","tag-febraban-news","tag-pandemia","tag-sidney-klajner","tag-vacinas"],"_links":{"self":[{"href":"https:\/\/blogs.correiobraziliense.com.br\/servidor\/wp-json\/wp\/v2\/posts\/18407","targetHints":{"allow":["GET"]}}],"collection":[{"href":"https:\/\/blogs.correiobraziliense.com.br\/servidor\/wp-json\/wp\/v2\/posts"}],"about":[{"href":"https:\/\/blogs.correiobraziliense.com.br\/servidor\/wp-json\/wp\/v2\/types\/post"}],"author":[{"embeddable":true,"href":"https:\/\/blogs.correiobraziliense.com.br\/servidor\/wp-json\/wp\/v2\/users\/27"}],"replies":[{"embeddable":true,"href":"https:\/\/blogs.correiobraziliense.com.br\/servidor\/wp-json\/wp\/v2\/comments?post=18407"}],"version-history":[{"count":1,"href":"https:\/\/blogs.correiobraziliense.com.br\/servidor\/wp-json\/wp\/v2\/posts\/18407\/revisions"}],"predecessor-version":[{"id":18409,"href":"https:\/\/blogs.correiobraziliense.com.br\/servidor\/wp-json\/wp\/v2\/posts\/18407\/revisions\/18409"}],"wp:attachment":[{"href":"https:\/\/blogs.correiobraziliense.com.br\/servidor\/wp-json\/wp\/v2\/media?parent=18407"}],"wp:term":[{"taxonomy":"category","embeddable":true,"href":"https:\/\/blogs.correiobraziliense.com.br\/servidor\/wp-json\/wp\/v2\/categories?post=18407"},{"taxonomy":"post_tag","embeddable":true,"href":"https:\/\/blogs.correiobraziliense.com.br\/servidor\/wp-json\/wp\/v2\/tags?post=18407"}],"curies":[{"name":"wp","href":"https:\/\/api.w.org\/{rel}","templated":true}]}}