{"id":1839,"date":"2016-06-07T15:06:18","date_gmt":"2016-06-07T18:06:18","guid":{"rendered":"https:\/\/blogs.correiobraziliense.com.br\/servidor\/?p=1839"},"modified":"2016-06-07T15:06:18","modified_gmt":"2016-06-07T18:06:18","slug":"beneficio-dos-trabalhadores","status":"publish","type":"post","link":"https:\/\/blogs.correiobraziliense.com.br\/servidor\/beneficio-dos-trabalhadores\/","title":{"rendered":"Benef\u00edcio dos trabalhadores"},"content":{"rendered":"<p><em>Dois milh\u00f5es de trabalhadores ainda n\u00e3o sacaram o PIS\/Pasep de 2015. Prazo se encerra no pr\u00f3ximo dia 30 de junho. O PIS \u00e9 destinado aos funcion\u00e1rios de empresas privadas e o Pasep, aos servidores p\u00fablicos<br \/>\n<\/em><\/p>\n<p>O Minist\u00e9rio do Trabalho informou que os benef\u00edcios que ainda n\u00e3o foram sacados somam R$ 1,7 bilh\u00e3o. A quantia se refere ao PIS\/Pasep do ano de 2015, de dois milh\u00f5es de trabalhadores brasileiros, 8,7% dos beneficiados. O prazo para retirar o dinheiro se encerra no pr\u00f3ximo dia 30 de junho. O abono equivale ao valor de um sal\u00e1rio m\u00ednimo, vigente na data de pagamento (R$ 880) e pode ser retirado nas ag\u00eancias da Caixa e Banco do Brasil.<\/p>\n<p>T\u00eam direito ao abono pessoas cadastradas no PIS\/Pasep h\u00e1 pelo menos cinco anos; com remunera\u00e7\u00e3o mensal m\u00e9dia de at\u00e9 dois sal\u00e1rios m\u00ednimos durante o ano-base de atribui\u00e7\u00e3o do benef\u00edcio; e que exerceram atividade remunerada durante pelo menos 30 dias.<strong><br \/>\n<\/strong><\/p>\n<p><strong>N\u00fameros<\/strong><\/p>\n<p>Em todo o Brasil, 23,6 milh\u00f5es de trabalhadores t\u00eam direito a receber o abono. Desse total, 21,5 milh\u00f5es j\u00e1 fizeram os saques. Os dois milh\u00f5es que ainda n\u00e3o acessaram o recurso representam 8,7% dos trabalhadores beneficiados.<\/p>\n<p>O estado com o maior n\u00famero de trabalhadores que n\u00e3o sacaram o abono \u00e9 S\u00e3o Paulo, onde 684.937 pessoas ainda n\u00e3o resgataram o benef\u00edcio, seguido de Minas Gerais (197.428) e Rio de Janeiro (180.639).<\/p>\n<p>O Minist\u00e9rio do Trabalho est\u00e1 enviando correspond\u00eancias no endere\u00e7o de domic\u00edlio dos trabalhadores que podem sacar o benef\u00edcio. \u201cPretendemos alcan\u00e7ar com o envio das comunica\u00e7\u00f5es aproximadamente 1,2 milh\u00e3o de benefici\u00e1rios que est\u00e3o com o endere\u00e7o v\u00e1lido na base de dados\u201d, explica o coordenador do Seguro-Desemprego e Abono Salarial, M\u00e1rcio Ubiratan Brito.<\/p>\n<p><strong>Como sacar o PIS\/Pasep<\/strong><\/p>\n<p>Antes de sacar o PIS, o trabalhador dever\u00e1 verificar se o benef\u00edcio n\u00e3o foi depositado diretamente na conta. Caso contr\u00e1rio, deve comparecer com o Cart\u00e3o do Cidad\u00e3o e senha cadastrada nos terminais de autoatendimento da Caixa ou em uma Casa Lot\u00e9rica. Se n\u00e3o tiver o Cart\u00e3o do Cidad\u00e3o, o beneficiado pode receber o abono em qualquer ag\u00eancia da Caixa mediante apresenta\u00e7\u00e3o de um documento de identifica\u00e7\u00e3o.<\/p>\n<p>J\u00e1 os participantes do Pasep (Banco do Brasil), ap\u00f3s verificar se houve dep\u00f3sito na conta, devem procurar uma ag\u00eancia e apresentar um documento de identifica\u00e7\u00e3o.<\/p>\n<p>O Programa de Integra\u00e7\u00e3o Social (PIS) e o Programa de Forma\u00e7\u00e3o do Patrim\u00f4nio do Servidor P\u00fablico (Pasep) s\u00e3o contribui\u00e7\u00f5es sociais de natureza tribut\u00e1ria, devidas pelas pessoas jur\u00eddicas, com objetivo de financiar o pagamento do <a href=\"https:\/\/pt.wikipedia.org\/wiki\/Seguro-desemprego\">Seguro-Desemprego<\/a> e Abono Salarial. O PIS destinado aos funcion\u00e1rios de <a href=\"https:\/\/pt.wikipedia.org\/wiki\/Empresas_privadas\">empresas privadas<\/a> regidos pela <a href=\"https:\/\/pt.wikipedia.org\/wiki\/Consolida%C3%A7%C3%A3o_das_Leis_do_Trabalho\">Consolida\u00e7\u00e3o das Leis do Trabalho<\/a> (CLT) e o Pasep \u00e9 destinado aos servidores p\u00fablicos. Os recursos que n\u00e3o s\u00e3o sacados retornam para o Fundo de Amparo ao Trabalhador (FAT).<\/p>\n<p><strong>Informa\u00e7\u00f5es<\/strong><\/p>\n<p>As informa\u00e7\u00f5es sobre o direito ao saque tamb\u00e9m podem ser obtidas pela Central de Atendimento Al\u00f4 Trabalho \u2013 158; pelo 0800-7260207, da Caixa; e pelo 0800-7290001, do Banco do Brasil.<\/p>\n","protected":false},"excerpt":{"rendered":"<p>Dois milh\u00f5es de trabalhadores ainda n\u00e3o sacaram o PIS\/Pasep de 2015. Prazo se encerra no pr\u00f3ximo dia 30 de junho. O PIS \u00e9 destinado aos funcion\u00e1rios de empresas privadas e o Pasep, aos servidores p\u00fablicos O Minist\u00e9rio do Trabalho informou que os benef\u00edcios que ainda n\u00e3o foram sacados somam R$ 1,7 bilh\u00e3o. A quantia se refere ao PIS\/Pasep do ano [&hellip;]<\/p>\n","protected":false},"author":27,"featured_media":0,"comment_status":"open","ping_status":"closed","sticky":false,"template":"","format":"standard","meta":{"footnotes":""},"categories":[1],"tags":[389,1752,2190,2191,24,2192,1805,58,19,2193],"class_list":["post-1839","post","type-post","status-publish","format-standard","hentry","category-sem-categoria","tag-abono","tag-beneficiados","tag-pispasep","tag-privados","tag-publicos","tag-sacaram","tag-salario-minimo","tag-servidores","tag-trabalhadores","tag-vigente"],"_links":{"self":[{"href":"https:\/\/blogs.correiobraziliense.com.br\/servidor\/wp-json\/wp\/v2\/posts\/1839","targetHints":{"allow":["GET"]}}],"collection":[{"href":"https:\/\/blogs.correiobraziliense.com.br\/servidor\/wp-json\/wp\/v2\/posts"}],"about":[{"href":"https:\/\/blogs.correiobraziliense.com.br\/servidor\/wp-json\/wp\/v2\/types\/post"}],"author":[{"embeddable":true,"href":"https:\/\/blogs.correiobraziliense.com.br\/servidor\/wp-json\/wp\/v2\/users\/27"}],"replies":[{"embeddable":true,"href":"https:\/\/blogs.correiobraziliense.com.br\/servidor\/wp-json\/wp\/v2\/comments?post=1839"}],"version-history":[{"count":1,"href":"https:\/\/blogs.correiobraziliense.com.br\/servidor\/wp-json\/wp\/v2\/posts\/1839\/revisions"}],"predecessor-version":[{"id":1840,"href":"https:\/\/blogs.correiobraziliense.com.br\/servidor\/wp-json\/wp\/v2\/posts\/1839\/revisions\/1840"}],"wp:attachment":[{"href":"https:\/\/blogs.correiobraziliense.com.br\/servidor\/wp-json\/wp\/v2\/media?parent=1839"}],"wp:term":[{"taxonomy":"category","embeddable":true,"href":"https:\/\/blogs.correiobraziliense.com.br\/servidor\/wp-json\/wp\/v2\/categories?post=1839"},{"taxonomy":"post_tag","embeddable":true,"href":"https:\/\/blogs.correiobraziliense.com.br\/servidor\/wp-json\/wp\/v2\/tags?post=1839"}],"curies":[{"name":"wp","href":"https:\/\/api.w.org\/{rel}","templated":true}]}}