{"id":18389,"date":"2020-11-25T13:13:50","date_gmt":"2020-11-25T16:13:50","guid":{"rendered":"https:\/\/blogs.correiobraziliense.com.br\/servidor\/?p=18389"},"modified":"2020-11-25T13:13:50","modified_gmt":"2020-11-25T16:13:50","slug":"live-da-servir-brasil-debate-a-importancia-da-estabilidade-no-servico-publico","status":"publish","type":"post","link":"https:\/\/blogs.correiobraziliense.com.br\/servidor\/live-da-servir-brasil-debate-a-importancia-da-estabilidade-no-servico-publico\/","title":{"rendered":"Live da Servir Brasil debate a import\u00e2ncia da estabilidade no servi\u00e7o p\u00fablico"},"content":{"rendered":"<p><em><strong>Convidados v\u00e3o trocar ideias sobre a influ\u00eancia da garantia de emprego\u00a0no combate \u00e0 corrup\u00e7\u00e3o.\u00a0A Frente Parlamentar Mista em Defesa do Servi\u00e7o P\u00fablico, a Servir\u00a0Brasil, escolheu como tema para a 4\u00aa live \u201cA import\u00e2ncia da estabilidade\u00a0no servi\u00e7o p\u00fablico para o combate \u00e0 corrup\u00e7\u00e3o\u201d. A transmiss\u00e3o semanal \u00e9 nesta quinta (26), \u00e0s 18h30.<\/strong><\/em><\/p>\n<p>O convidado \u00e9 o pesquisador e especialista em accountability,\u00a0transpar\u00eancia e integridade, Fabiano Ang\u00e9lico. Autor do livro \u201cLei de\u00a0Acesso \u00e0 Informa\u00e7\u00e3o: Refor\u00e7o ao Controle Democr\u00e1tico\u201d e de artigos\u00a0publicados em relevantes jornais brasileiros e estrangeiros, Fabiano \u00e9\u00a0consultor na Global Compact Network Brazil e doutorando em Administra\u00e7\u00e3o\u00a0P\u00fablica e Governo na Funda\u00e7\u00e3o Get\u00falio Vargas (FGV\/EAESP).<\/p>\n<p>O encontro desta quinta (26) contar\u00e1 tamb\u00e9m com a participa\u00e7\u00e3o do\u00a0deputado federal Paulo Teixeira (PT\/SP), coordenador para a Estabilidade\u00a0da FPM Servir Brasil.<\/p>\n<p>A transmiss\u00e3o ser\u00e1 pelo Youtube <a href=\"http:\/\/(youtube.com\/servirbrasil)\">(youtube.com\/servirbrasil)<\/a> e pelo\u00a0Facebook (<a href=\"http:\/\/www.fb.com\/servirbrasil\">www.fb.com\/servirbrasil<\/a>) da Servir Brasil. O calend\u00e1rio das\u00a0lives prossegue at\u00e9 17 de dezembro, sempre \u00e0s quintas-feiras, \u00e0s 18h30.<\/p>\n<p>Os convidados ser\u00e3o preferencialmente parlamentares integrantes da\u00a0Servir Brasil <a href=\"http:\/\/(www.servirbrasil.org.br)\">(www.servirbrasil.org.br)<\/a> e pesquisadores acad\u00eamicos com\u00a0expertise no setor p\u00fablico.<\/p>\n<p>A Servir Brasil \u00e9 uma Frente Parlamentar suprapartid\u00e1ria, democr\u00e1tica e ativa, unida\u00a0pelo ideal de valoriza\u00e7\u00e3o do servi\u00e7o p\u00fablico brasileiro. &#8220;A Servir Brasil\u00a0atua na articula\u00e7\u00e3o pol\u00edtica, \u00e9 composta por deputados e senadores das<br \/>\nmais diversas correntes partid\u00e1rias e busca interlocu\u00e7\u00e3o com for\u00e7as\u00a0pol\u00edticas no Congresso Nacional para produzir decis\u00f5es equilibradas que\u00a0tragam melhorias ao servi\u00e7o p\u00fablico&#8221;, informa a Frente.<\/p>\n","protected":false},"excerpt":{"rendered":"<p>Convidados v\u00e3o trocar ideias sobre a influ\u00eancia da garantia de emprego\u00a0no combate \u00e0 corrup\u00e7\u00e3o.\u00a0A Frente Parlamentar Mista em Defesa do Servi\u00e7o P\u00fablico, a Servir\u00a0Brasil, escolheu como tema para a 4\u00aa live \u201cA import\u00e2ncia da estabilidade\u00a0no servi\u00e7o p\u00fablico para o combate \u00e0 corrup\u00e7\u00e3o\u201d. A transmiss\u00e3o semanal \u00e9 nesta quinta (26), \u00e0s 18h30. O convidado \u00e9 o pesquisador e especialista em accountability,\u00a0transpar\u00eancia [&hellip;]<\/p>\n","protected":false},"author":27,"featured_media":0,"comment_status":"open","ping_status":"closed","sticky":false,"template":"","format":"standard","meta":{"footnotes":""},"categories":[2719],"tags":[205,197,620,17341,575,18468],"class_list":["post-18389","post","type-post","status-publish","format-standard","hentry","category-servidor","tag-corrupcao","tag-emprego","tag-estabilidade","tag-live","tag-servico-publico","tag-servir-brasil"],"_links":{"self":[{"href":"https:\/\/blogs.correiobraziliense.com.br\/servidor\/wp-json\/wp\/v2\/posts\/18389","targetHints":{"allow":["GET"]}}],"collection":[{"href":"https:\/\/blogs.correiobraziliense.com.br\/servidor\/wp-json\/wp\/v2\/posts"}],"about":[{"href":"https:\/\/blogs.correiobraziliense.com.br\/servidor\/wp-json\/wp\/v2\/types\/post"}],"author":[{"embeddable":true,"href":"https:\/\/blogs.correiobraziliense.com.br\/servidor\/wp-json\/wp\/v2\/users\/27"}],"replies":[{"embeddable":true,"href":"https:\/\/blogs.correiobraziliense.com.br\/servidor\/wp-json\/wp\/v2\/comments?post=18389"}],"version-history":[{"count":1,"href":"https:\/\/blogs.correiobraziliense.com.br\/servidor\/wp-json\/wp\/v2\/posts\/18389\/revisions"}],"predecessor-version":[{"id":18390,"href":"https:\/\/blogs.correiobraziliense.com.br\/servidor\/wp-json\/wp\/v2\/posts\/18389\/revisions\/18390"}],"wp:attachment":[{"href":"https:\/\/blogs.correiobraziliense.com.br\/servidor\/wp-json\/wp\/v2\/media?parent=18389"}],"wp:term":[{"taxonomy":"category","embeddable":true,"href":"https:\/\/blogs.correiobraziliense.com.br\/servidor\/wp-json\/wp\/v2\/categories?post=18389"},{"taxonomy":"post_tag","embeddable":true,"href":"https:\/\/blogs.correiobraziliense.com.br\/servidor\/wp-json\/wp\/v2\/tags?post=18389"}],"curies":[{"name":"wp","href":"https:\/\/api.w.org\/{rel}","templated":true}]}}