{"id":18376,"date":"2020-11-24T15:40:05","date_gmt":"2020-11-24T18:40:05","guid":{"rendered":"https:\/\/blogs.correiobraziliense.com.br\/servidor\/?p=18376"},"modified":"2020-11-24T15:40:05","modified_gmt":"2020-11-24T18:40:05","slug":"bancarios-pedem-o-apoio-de-candidatos-e-prefeitos-eleitos-contra-privatizacao-de-bancos-publicos","status":"publish","type":"post","link":"https:\/\/blogs.correiobraziliense.com.br\/servidor\/bancarios-pedem-o-apoio-de-candidatos-e-prefeitos-eleitos-contra-privatizacao-de-bancos-publicos\/","title":{"rendered":"Banc\u00e1rios pedem o apoio de candidatos e prefeitos eleitos contra privatiza\u00e7\u00e3o de bancos p\u00fablicos"},"content":{"rendered":"<p><em><strong>Manifesto lan\u00e7ado esta semana por Federa\u00e7\u00e3o Nacional das Associa\u00e7\u00f5es do Pessoal da Caixa Econ\u00f4mica Federal (Fenae), Confedera\u00e7\u00e3o Nacional dos Trabalhadores do Ramo Financeiro (Contraf\/CUT) e Comit\u00ea Nacional em Defesa da Caixa. Ressalta que essas institui\u00e7\u00f5es p\u00fablicas financiam habita\u00e7\u00e3o, cr\u00e9dito agr\u00edcola, educa\u00e7\u00e3o e cultura, al\u00e9m do pagamento de benef\u00edcios sociais pela Caixa Econ\u00f4mica, como o aux\u00edlio emergencial<\/strong> <\/em><\/p>\n<p><img loading=\"lazy\" decoding=\"async\" class=\"alignright size-large wp-image-18377\" src=\"https:\/\/blogs.correiobraziliense.com.br\/servidor\/wp-content\/uploads\/sites\/10\/2020\/11\/manifesto-banc\u00e1rios-prefeitos-682x1024.jpg\" alt=\"\" width=\"682\" height=\"1024\" srcset=\"https:\/\/blogs.correiobraziliense.com.br\/servidor\/wp-content\/uploads\/sites\/10\/2020\/11\/manifesto-banc\u00e1rios-prefeitos-682x1024.jpg 682w, https:\/\/blogs.correiobraziliense.com.br\/servidor\/wp-content\/uploads\/sites\/10\/2020\/11\/manifesto-banc\u00e1rios-prefeitos-200x300.jpg 200w, https:\/\/blogs.correiobraziliense.com.br\/servidor\/wp-content\/uploads\/sites\/10\/2020\/11\/manifesto-banc\u00e1rios-prefeitos-768x1152.jpg 768w, https:\/\/blogs.correiobraziliense.com.br\/servidor\/wp-content\/uploads\/sites\/10\/2020\/11\/manifesto-banc\u00e1rios-prefeitos-800x1200.jpg 800w, https:\/\/blogs.correiobraziliense.com.br\/servidor\/wp-content\/uploads\/sites\/10\/2020\/11\/manifesto-banc\u00e1rios-prefeitos-550x825.jpg 550w, https:\/\/blogs.correiobraziliense.com.br\/servidor\/wp-content\/uploads\/sites\/10\/2020\/11\/manifesto-banc\u00e1rios-prefeitos-230x345.jpg 230w, https:\/\/blogs.correiobraziliense.com.br\/servidor\/wp-content\/uploads\/sites\/10\/2020\/11\/manifesto-banc\u00e1rios-prefeitos.jpg 853w\" sizes=\"auto, (max-width: 682px) 100vw, 682px\" \/><br \/>\nPara alertar a sociedade sobre os impactos da venda deste patrim\u00f4nio e buscar o apoio de prefeitos eleitos este ano e de candidatos que disputam o segundo turno das elei\u00e7\u00f5es municipais, a Federa\u00e7\u00e3o Nacional das Associa\u00e7\u00f5es do Pessoal da Caixa Econ\u00f4mica Federal (Fenae), a Confedera\u00e7\u00e3o Nacional dos Trabalhadores do Ramo Financeiro (Contraf\/CUT) e o Comit\u00ea Nacional em Defesa da Caixa lan\u00e7aram um manifesto em defesa das estatais financeiras.<\/p>\n<p>Conforme dados do Banco Central, em 2019, 45,9% (R$ 1,5 trilh\u00e3o) das opera\u00e7\u00f5es de cr\u00e9dito foram realizadas por bancos p\u00fablicos. Eles tamb\u00e9m ofertaram 80,4% (R$ 608,8 bilh\u00f5es) do cr\u00e9dito imobili\u00e1rio; 71% (R$ 194,3 bilh\u00f5es) em cr\u00e9dito rural e concentraram 62% da poupan\u00e7a, no pa\u00eds. Tamb\u00e9m contribu\u00edram para ampliar a bancariza\u00e7\u00e3o, com 45,6% (9.089) das ag\u00eancias banc\u00e1rias.<\/p>\n<p>\u201cSe o governo privatizar os bancos p\u00fablicos, os cidad\u00e3os brasileiros ser\u00e3o duramente afetados; principalmente aqueles das regi\u00f5es mais afastadas e a parcela mais pobre da popula\u00e7\u00e3o\u201d, alerta o presidente da Fenae, Sergio Takemoto. \u201cA privatiza\u00e7\u00e3o significa menos recursos para o desenvolvimento econ\u00f4mico e social do pa\u00eds. Ficam comprometidos os repasses aos programas sociais e a gera\u00e7\u00e3o de emprego e renda\u201d, acrescenta.<\/p>\n<p>Por raz\u00f5es como estas, as entidades sindicais lan\u00e7aram o \u201cManifesto em Defesa dos Bancos P\u00fablicos Brasileiros\u201d. \u201cQueremos chamar a aten\u00e7\u00e3o dos administradores municipais para o fato que os recursos investidos pela Caixa, o Banco do Brasil e os bancos regionais s\u00e3o fundamentais para movimentar a economia local. Em algumas cidades, s\u00e3o estes recursos que garantem a \u2018bancariza\u00e7\u00e3o\u2019 da popula\u00e7\u00e3o\u201d, refor\u00e7a o presidente da Fenae.<\/p>\n<p>Nesta segunda-feira (23), o ministro da Economia, Paulo Guedes, voltou a defender as privatiza\u00e7\u00f5es como \u201csolu\u00e7\u00e3o\u201d para a crise econ\u00f4mica. Por isso, no Manifesto, a Fenae, a Contraf e o Comit\u00ea Nacional em Defesa da Caixa observam que os bancos p\u00fablicos \u201cs\u00e3o respons\u00e1veis por uma melhor distribui\u00e7\u00e3o de recursos e cr\u00e9dito com o objetivo de reduzir as desigualdades regionais; ao contr\u00e1rio das institui\u00e7\u00f5es privadas, que priorizam regi\u00f5es e setores onde j\u00e1 existe uma concentra\u00e7\u00e3o maior de renda\u201d.<\/p>\n<p>O documento destaca ainda que \u201cos bancos p\u00fablicos nacionais e regionais viabilizam o financiamento da habita\u00e7\u00e3o, do cr\u00e9dito agr\u00edcola, da educa\u00e7\u00e3o, da cultura e da infraestrutura, dentre outras \u00e1reas, al\u00e9m do pagamento de benef\u00edcios sociais, a exemplo do aux\u00edlio emergencial, institu\u00eddo em 2020 para assegurar prote\u00e7\u00e3o social \u00e0s fam\u00edlias afetadas economicamente pela pandemia do novo coronav\u00edrus\u201d.<\/p>\n<p>\u201cAssim como na crise de 2008, s\u00e3o os bancos p\u00fablicos que est\u00e3o socorrendo o setor produtivo, com programas de cr\u00e9dito para pequenas e m\u00e9dias empresas, linhas de cr\u00e9dito para o setor imobili\u00e1rio, suspens\u00e3o do pagamento de financiamentos habitacionais, renegocia\u00e7\u00e3o de d\u00edvidas, entre outras medidas. Al\u00e9m do pagamento do Aux\u00edlio Emergencial, saques emergenciais do FGTS e outros benef\u00edcios realizados pela Caixa a mais de 100 milh\u00f5es de brasileiras e brasileiros\u201d, pontua o documento.<\/p>\n<p>Confira aqui a \u00edntegra do Manifesto. (<a href=\"https:\/\/fenae.org.br\/portal\/data\/files\/24\/37\/98\/F2\/356F571011F4CB57403A91A8\/Manifesto%20Bancos%20Publicos.pdf\">https:\/\/fenae.org.br\/portal\/data\/files\/24\/37\/98\/F2\/356F571011F4CB57403A91A8\/Manifesto%20Bancos%20Publicos.pdf<\/a>).<\/p>\n","protected":false},"excerpt":{"rendered":"<p>Manifesto lan\u00e7ado esta semana por Federa\u00e7\u00e3o Nacional das Associa\u00e7\u00f5es do Pessoal da Caixa Econ\u00f4mica Federal (Fenae), Confedera\u00e7\u00e3o Nacional dos Trabalhadores do Ramo Financeiro (Contraf\/CUT) e Comit\u00ea Nacional em Defesa da Caixa. Ressalta que essas institui\u00e7\u00f5es p\u00fablicas financiam habita\u00e7\u00e3o, cr\u00e9dito agr\u00edcola, educa\u00e7\u00e3o e cultura, al\u00e9m do pagamento de benef\u00edcios sociais pela Caixa Econ\u00f4mica, como o aux\u00edlio emergencial Para alertar a sociedade [&hellip;]<\/p>\n","protected":false},"author":27,"featured_media":0,"comment_status":"open","ping_status":"closed","sticky":false,"template":"","format":"standard","meta":{"footnotes":""},"categories":[2719],"tags":[5680,17262,1013,12300,852,178,1767,1928,48,4397,3515,3687,1001],"class_list":["post-18376","post","type-post","status-publish","format-standard","hentry","category-servidor","tag-agricola","tag-auxilio-emergencial","tag-bancarios","tag-bancos-publicos","tag-beneficios","tag-candidatos","tag-credito","tag-cultura","tag-educacao","tag-eleitos","tag-habitacao","tag-prefeitos","tag-privatizacao"],"_links":{"self":[{"href":"https:\/\/blogs.correiobraziliense.com.br\/servidor\/wp-json\/wp\/v2\/posts\/18376","targetHints":{"allow":["GET"]}}],"collection":[{"href":"https:\/\/blogs.correiobraziliense.com.br\/servidor\/wp-json\/wp\/v2\/posts"}],"about":[{"href":"https:\/\/blogs.correiobraziliense.com.br\/servidor\/wp-json\/wp\/v2\/types\/post"}],"author":[{"embeddable":true,"href":"https:\/\/blogs.correiobraziliense.com.br\/servidor\/wp-json\/wp\/v2\/users\/27"}],"replies":[{"embeddable":true,"href":"https:\/\/blogs.correiobraziliense.com.br\/servidor\/wp-json\/wp\/v2\/comments?post=18376"}],"version-history":[{"count":1,"href":"https:\/\/blogs.correiobraziliense.com.br\/servidor\/wp-json\/wp\/v2\/posts\/18376\/revisions"}],"predecessor-version":[{"id":18378,"href":"https:\/\/blogs.correiobraziliense.com.br\/servidor\/wp-json\/wp\/v2\/posts\/18376\/revisions\/18378"}],"wp:attachment":[{"href":"https:\/\/blogs.correiobraziliense.com.br\/servidor\/wp-json\/wp\/v2\/media?parent=18376"}],"wp:term":[{"taxonomy":"category","embeddable":true,"href":"https:\/\/blogs.correiobraziliense.com.br\/servidor\/wp-json\/wp\/v2\/categories?post=18376"},{"taxonomy":"post_tag","embeddable":true,"href":"https:\/\/blogs.correiobraziliense.com.br\/servidor\/wp-json\/wp\/v2\/tags?post=18376"}],"curies":[{"name":"wp","href":"https:\/\/api.w.org\/{rel}","templated":true}]}}