{"id":18374,"date":"2020-11-24T13:43:06","date_gmt":"2020-11-24T16:43:06","guid":{"rendered":"https:\/\/blogs.correiobraziliense.com.br\/servidor\/?p=18374"},"modified":"2020-11-24T13:43:06","modified_gmt":"2020-11-24T16:43:06","slug":"justica-ordena-reintegracao-de-diabetico-eliminado-do-concurso-para-delegado-da-pf","status":"publish","type":"post","link":"https:\/\/blogs.correiobraziliense.com.br\/servidor\/justica-ordena-reintegracao-de-diabetico-eliminado-do-concurso-para-delegado-da-pf\/","title":{"rendered":"Justi\u00e7a ordena reintegra\u00e7\u00e3o de diab\u00e9tico eliminado do concurso para delegado da PF"},"content":{"rendered":"<p><em><strong>Candidato estava na fase do Forma\u00e7\u00e3o Profissional de Delegado da Pol\u00edcia Federal e foi desligado por ser ter diabetes mellitus tipo 1. Al\u00e9m de ser reintegrado, as aulas perdidas dever\u00e3o ser repostas.\u00a0Com a senten\u00e7a, a banca examinadora tem 15 dias para providenciar o religamento<\/strong><\/em><\/p>\n<p>A 4\u00aa Vara Federal C\u00edvel da SJDF decidiu no s\u00e1bado (21\/11) em favor do candidato Jo\u00e3o Cesar Costa Bicalho Assis, que concorria a uma vaga de delegado na Pol\u00edcia Federal. Ele Foi desligado por ter diabetes mellitus tipo 1. A decis\u00e3o foi do juiz federal Anderson Santos da Silva. Para ele, \u201cos atos administrativos devem obedecer a crit\u00e9rios aceit\u00e1veis do ponto de vista racional e jamais resultar em medidas que violem o bom senso\u201d.<\/p>\n<p>O candidato foi aprovado nas etapas de provas objetivas e discursivas, teste de aptid\u00e3o f\u00edsica, exames m\u00e9dicos e psicol\u00f3gicos, al\u00e9m da investiga\u00e7\u00e3o criminal. No exame m\u00e9dico, foi inclusive considerado apto, tendo em vista que a doen\u00e7a est\u00e1 controlada, conforme todos os laudos apresentados.<\/p>\n<p>Para o advogado respons\u00e1vel pela a\u00e7\u00e3o, Max Kolbe, do escrit\u00f3rio Kolbe Advogados Associados, a elimina\u00e7\u00e3o foi absurda e sem qualquer razoabilidade. \u201cNas sele\u00e7\u00f5es p\u00fablicas, h\u00e1 a avalia\u00e7\u00e3o m\u00e9dica para eliminar, nesta fase, os candidatos considerados inaptos. A elimina\u00e7\u00e3o tardia por motivo de sa\u00fade, gera uma expectativa de continuidade no processo. Al\u00e9m disso, a doen\u00e7a em quest\u00e3o, a diabetes, \u00e9 control\u00e1vel e que n\u00e3o h\u00e1 qualquer legisla\u00e7\u00e3o que impe\u00e7a o candidato portador de diabetes a exercer o cargo de Delegado de Pol\u00edcia Federal\u201d, destaca.<\/p>\n<p>Com a senten\u00e7a, a banca examinadora tem 15 dias para providenciar o religamento de Jo\u00e3o Cesar e \u00e9 obrigada a repor as aulas perdidas.<\/p>\n","protected":false},"excerpt":{"rendered":"<p>Candidato estava na fase do Forma\u00e7\u00e3o Profissional de Delegado da Pol\u00edcia Federal e foi desligado por ser ter diabetes mellitus tipo 1. Al\u00e9m de ser reintegrado, as aulas perdidas dever\u00e3o ser repostas.\u00a0Com a senten\u00e7a, a banca examinadora tem 15 dias para providenciar o religamento A 4\u00aa Vara Federal C\u00edvel da SJDF decidiu no s\u00e1bado (21\/11) em favor do candidato Jo\u00e3o [&hellip;]<\/p>\n","protected":false},"author":27,"featured_media":0,"comment_status":"open","ping_status":"closed","sticky":false,"template":"","format":"standard","meta":{"footnotes":""},"categories":[2719],"tags":[2727,2695,93,1076,2355,18489,3684,3442,5296,4443,260,174,319,104,13741,7315,2158,421],"class_list":["post-18374","post","type-post","status-publish","format-standard","hentry","category-servidor","tag-banca","tag-candidato","tag-concurso","tag-curso","tag-delegado","tag-diabetes-mellitus","tag-eliminado","tag-exames","tag-examinadora","tag-formacao","tag-justica","tag-medicos","tag-pf","tag-policia-federal","tag-psicologicos","tag-reintegracao","tag-sentenca","tag-vaga"],"_links":{"self":[{"href":"https:\/\/blogs.correiobraziliense.com.br\/servidor\/wp-json\/wp\/v2\/posts\/18374","targetHints":{"allow":["GET"]}}],"collection":[{"href":"https:\/\/blogs.correiobraziliense.com.br\/servidor\/wp-json\/wp\/v2\/posts"}],"about":[{"href":"https:\/\/blogs.correiobraziliense.com.br\/servidor\/wp-json\/wp\/v2\/types\/post"}],"author":[{"embeddable":true,"href":"https:\/\/blogs.correiobraziliense.com.br\/servidor\/wp-json\/wp\/v2\/users\/27"}],"replies":[{"embeddable":true,"href":"https:\/\/blogs.correiobraziliense.com.br\/servidor\/wp-json\/wp\/v2\/comments?post=18374"}],"version-history":[{"count":1,"href":"https:\/\/blogs.correiobraziliense.com.br\/servidor\/wp-json\/wp\/v2\/posts\/18374\/revisions"}],"predecessor-version":[{"id":18375,"href":"https:\/\/blogs.correiobraziliense.com.br\/servidor\/wp-json\/wp\/v2\/posts\/18374\/revisions\/18375"}],"wp:attachment":[{"href":"https:\/\/blogs.correiobraziliense.com.br\/servidor\/wp-json\/wp\/v2\/media?parent=18374"}],"wp:term":[{"taxonomy":"category","embeddable":true,"href":"https:\/\/blogs.correiobraziliense.com.br\/servidor\/wp-json\/wp\/v2\/categories?post=18374"},{"taxonomy":"post_tag","embeddable":true,"href":"https:\/\/blogs.correiobraziliense.com.br\/servidor\/wp-json\/wp\/v2\/tags?post=18374"}],"curies":[{"name":"wp","href":"https:\/\/api.w.org\/{rel}","templated":true}]}}