{"id":18366,"date":"2020-11-21T21:18:59","date_gmt":"2020-11-22T00:18:59","guid":{"rendered":"https:\/\/blogs.correiobraziliense.com.br\/servidor\/?p=18366"},"modified":"2020-11-21T21:18:59","modified_gmt":"2020-11-22T00:18:59","slug":"incra-informa-que-retorno-ao-trabalho-obedece-regras-validas-para-todos-os-servidores-federais","status":"publish","type":"post","link":"https:\/\/blogs.correiobraziliense.com.br\/servidor\/incra-informa-que-retorno-ao-trabalho-obedece-regras-validas-para-todos-os-servidores-federais\/","title":{"rendered":"Incra informa que retorno ao trabalho obedece regras v\u00e1lidas para todos os servidores federais"},"content":{"rendered":"<p><em><strong>Por meio de nota, o Incra contesta <a href=\"https:\/\/blogs.correiobraziliense.com.br\/servidor\/apos-varias-mortes-por-covid-19-servidores-do-incra-dizem-que-retorno-ao-presencial-e-assedio-atentado-a-saude-publica-e-tentativa-de-assassinato\/\">informa\u00e7\u00f5es do Cnasi, publicada no Blog do Servidor<\/a>, e destaca que &#8220;ao contr\u00e1rio do que afirma a nota da CNASI, agressiva e sensacionalista, n\u00e3o existe qualquer tipo de \u201cass\u00e9dio\u201d ou \u201ctentativa de assassinato\u201d na Portaria n\u00ba 1952, de 10\/11\/2020 do Incra, apenas orienta\u00e7\u00f5es para o retorno gradual e seguro ao trabalho presencial dos seus servidores, dentro das regras vigentes e com base nas recomenda\u00e7\u00f5es do Minist\u00e9rio da Sa\u00fade&#8221;<\/strong><\/em><\/p>\n<p>Veja a nota:<\/p>\n<p>&#8220;A respeito da nota publicada pelo Blog dos Servidores &#8211; que mais uma vez esqueceu a li\u00e7\u00e3o b\u00e1sica do bom jornalismo publicando informa\u00e7\u00f5es sem ouvir todos os lados &#8211; , o Instituto Nacional de Coloniza\u00e7\u00e3o e Reforma Agr\u00e1ria (Incra) esclarece que a decis\u00e3o do retorno ao trabalho presencial dos servidores lotados na autarquia segue determina\u00e7\u00f5es da Instru\u00e7\u00e3o Normativa n\u00ba 109, de 29\/10\/2020, do Minist\u00e9rio da Economia\/Secretaria Especial de Desburocratiza\u00e7\u00e3o, Gest\u00e3o e Governo Digital\/Secretaria de Gest\u00e3o e Desempenho de Pessoal, v\u00e1lida para todos os servidores p\u00fablicos federais.<\/p>\n<p>Portanto, ao contr\u00e1rio do que afirma a nota da CNASI, agressiva e sensacionalista, n\u00e3o existe qualquer tipo de \u201cass\u00e9dio\u201d ou \u201ctentativa de assassinato\u201d na Portaria n\u00ba 1952, de 10\/11\/2020 do Incra, apenas orienta\u00e7\u00f5es para o retorno gradual e seguro ao trabalho presencial dos seus servidores, dentro das regras vigentes e com base nas recomenda\u00e7\u00f5es do Minist\u00e9rio da Sa\u00fade, assim como vem ocorrendo em todos os setores da sociedade, seja p\u00fablico ou privado.<\/p>\n<p>As normas que embasam o retorno ao trabalho, permitem que servidores acima de 60 anos; que apresentarem comorbidades (como doen\u00e7as card\u00edacas, renais, neoplasias, entre outras); gestantes e lactantes; servidores e empregados p\u00fablicos que coabitem com pessoas do grupo de risco ao coronav\u00edrus ou menores em idade escolar, entre outras restri\u00e7\u00f5es, possam continuar em trabalho remoto, sem a obrigatoriedade de comparecimento presencial.<\/p>\n<p>A Portaria do Incra tamb\u00e9m descreve, de forma clara e detalhada, as medidas preventivas adotadas pela dire\u00e7\u00e3o do instituto para minimizar os riscos de cont\u00e1gio pelo coronav\u00edrus entre os servidores, como limpeza e desinfec\u00e7\u00e3o das \u00e1reas de trabalho; aferi\u00e7\u00e3o de temperatura de servidores e usu\u00e1rios; disponibiliza\u00e7\u00e3o de \u00e1lcool gel; uso obrigat\u00f3rio de m\u00e1scaras dentro da institui\u00e7\u00e3o; controle da quantidade de pessoas nos elevadores e no ambiente de trabalho a fim de evitar aglomera\u00e7\u00f5es, entre outras.<\/p>\n<p>Por fim, \u00e9 importante destacar \u00a0que nas imagens dos servidores do Incra que ilustram a mat\u00e9ria encontram-se pessoas j\u00e1 aposentadas e que faleceram por causas n\u00e3o relacionadas \u00e0 covid-19. E que todas as v\u00edtimas do coronav\u00edrus encontravam-se em trabalho remoto.<\/p>\n<p>Dessa forma, o Incra espera que os esclarecimentos acima possam restabelecer a verdade dos fatos.&#8221;<\/p>\n","protected":false},"excerpt":{"rendered":"<p>Por meio de nota, o Incra contesta informa\u00e7\u00f5es do Cnasi, publicada no Blog do Servidor, e destaca que &#8220;ao contr\u00e1rio do que afirma a nota da CNASI, agressiva e sensacionalista, n\u00e3o existe qualquer tipo de \u201cass\u00e9dio\u201d ou \u201ctentativa de assassinato\u201d na Portaria n\u00ba 1952, de 10\/11\/2020 do Incra, apenas orienta\u00e7\u00f5es para o retorno gradual e seguro ao trabalho presencial dos [&hellip;]<\/p>\n","protected":false},"author":27,"featured_media":0,"comment_status":"open","ping_status":"closed","sticky":false,"template":"","format":"standard","meta":{"footnotes":""},"categories":[2719],"tags":[1870,2868,2863,14327,2242,1788,751,16,58,261],"class_list":["post-18366","post","type-post","status-publish","format-standard","hentry","category-servidor","tag-assedio","tag-cnasi","tag-incra","tag-ministerio-da-economia","tag-ministerio-da-saude","tag-presencial","tag-regras","tag-retorno","tag-servidores","tag-trabalho"],"_links":{"self":[{"href":"https:\/\/blogs.correiobraziliense.com.br\/servidor\/wp-json\/wp\/v2\/posts\/18366","targetHints":{"allow":["GET"]}}],"collection":[{"href":"https:\/\/blogs.correiobraziliense.com.br\/servidor\/wp-json\/wp\/v2\/posts"}],"about":[{"href":"https:\/\/blogs.correiobraziliense.com.br\/servidor\/wp-json\/wp\/v2\/types\/post"}],"author":[{"embeddable":true,"href":"https:\/\/blogs.correiobraziliense.com.br\/servidor\/wp-json\/wp\/v2\/users\/27"}],"replies":[{"embeddable":true,"href":"https:\/\/blogs.correiobraziliense.com.br\/servidor\/wp-json\/wp\/v2\/comments?post=18366"}],"version-history":[{"count":1,"href":"https:\/\/blogs.correiobraziliense.com.br\/servidor\/wp-json\/wp\/v2\/posts\/18366\/revisions"}],"predecessor-version":[{"id":18367,"href":"https:\/\/blogs.correiobraziliense.com.br\/servidor\/wp-json\/wp\/v2\/posts\/18366\/revisions\/18367"}],"wp:attachment":[{"href":"https:\/\/blogs.correiobraziliense.com.br\/servidor\/wp-json\/wp\/v2\/media?parent=18366"}],"wp:term":[{"taxonomy":"category","embeddable":true,"href":"https:\/\/blogs.correiobraziliense.com.br\/servidor\/wp-json\/wp\/v2\/categories?post=18366"},{"taxonomy":"post_tag","embeddable":true,"href":"https:\/\/blogs.correiobraziliense.com.br\/servidor\/wp-json\/wp\/v2\/tags?post=18366"}],"curies":[{"name":"wp","href":"https:\/\/api.w.org\/{rel}","templated":true}]}}