{"id":18363,"date":"2020-11-20T20:49:19","date_gmt":"2020-11-20T23:49:19","guid":{"rendered":"https:\/\/blogs.correiobraziliense.com.br\/servidor\/?p=18363"},"modified":"2020-11-20T20:49:19","modified_gmt":"2020-11-20T23:49:19","slug":"no-dia-da-consciencia-negra-a-esperanca-e-de-que-o-voto-em-2022-faca-a-diferenca","status":"publish","type":"post","link":"https:\/\/blogs.correiobraziliense.com.br\/servidor\/no-dia-da-consciencia-negra-a-esperanca-e-de-que-o-voto-em-2022-faca-a-diferenca\/","title":{"rendered":"No Dia da Consci\u00eancia Negra, a esperan\u00e7a \u00e9 de que o voto, em 2022, fa\u00e7a a diferen\u00e7a"},"content":{"rendered":"<p><em><strong>Carlos Moura, fundador e duas vezes presidente da Funda\u00e7\u00e3o Palmares (1988-1990\/2000-2003), disse que sente um misto de \u201ctristeza e revolta\u201d. \u201cMas, nesses sentimentos, existe a esperan\u00e7a de que n\u00e3o nos dobrar\u00e3o. Hoje \u00e9 um dia de alegria. O Movimento negro est\u00e1 vivo\u201d, ressaltou<\/strong><\/em><\/p>\n<p><img loading=\"lazy\" decoding=\"async\" class=\"alignright size-full wp-image-18364\" src=\"https:\/\/blogs.correiobraziliense.com.br\/servidor\/wp-content\/uploads\/sites\/10\/2020\/11\/Carlos-Moura.jpg\" alt=\"\" width=\"500\" height=\"333\" srcset=\"https:\/\/blogs.correiobraziliense.com.br\/servidor\/wp-content\/uploads\/sites\/10\/2020\/11\/Carlos-Moura.jpg 500w, https:\/\/blogs.correiobraziliense.com.br\/servidor\/wp-content\/uploads\/sites\/10\/2020\/11\/Carlos-Moura-300x200.jpg 300w, https:\/\/blogs.correiobraziliense.com.br\/servidor\/wp-content\/uploads\/sites\/10\/2020\/11\/Carlos-Moura-230x153.jpg 230w\" sizes=\"auto, (max-width: 500px) 100vw, 500px\" \/><\/p>\n<p><em>Foto de Carlos Moura: Not\u00edcia Preta<\/em><\/p>\n<p>A Funda\u00e7\u00e3o Cultural Palmares nasceu em 22 de agosto de 1988. Foi a primeira institui\u00e7\u00e3o p\u00fablica \u201cvoltada para a promo\u00e7\u00e3o e preserva\u00e7\u00e3o dos valores culturais, hist\u00f3ricos, sociais e econ\u00f4micos decorrentes da influ\u00eancia negra na forma\u00e7\u00e3o da sociedade brasileira\u201d.\u00a0Os rumos mudaram, com a chegada do atual presidente, S\u00e9rgio Camargo, indicado por Jair Bolsonaro. Ele passou por v\u00e1rios questionamentos judiciais do movimento negro brasileiro, chegou a ser afastado do cargo, mas continua at\u00e9 hoje, desafiando a autoridade cultural de personalidades negras. As provoca\u00e7\u00e3o n\u00e3o diminuem nem no Dia da Consci\u00eancia Negra.<\/p>\n<p>No Dia de Zumbi, ele acordou e, pelas redes sociais, antes de dar bom-dia, incitou: \u201cNossa consci\u00eancia \u00e9 humana\u201d, frase acompanhada de declara\u00e7\u00e3o pol\u00eamica do ator Morgan Freeman: \u201co dia em que pararmos de nos preocupar com a consci\u00eancia humana, o racismo desaparece\u201d. A pr\u00e1tica \u00e9 rotineira. Em fevereiro, ao retornar \u00e0 presid\u00eancia, ap\u00f3s o afastamento pela Justi\u00e7a, Camargo exonerou por telefone todos negros em cargo de diretoria, com o argumento de que precisava \u201cmontar uma nova equipe de extrema direita\u201d. Ap\u00f3s, o desrespeito \u00e0s tradi\u00e7\u00f5es aumentou.<\/p>\n<p>Camargo subiu o tom e disse que \u201ca escravid\u00e3o foi ben\u00e9fica\u201d, defendeu a extin\u00e7\u00e3o do movimento negro e do feriado da Consci\u00eancia Negra, falou que \u201ca negrada aqui reclama porque \u00e9 desinformada pela esquerda\u201d, escreveu que \u201cmerece est\u00e1tua, medalha e retrato em c\u00e9dula o primeiro branco meter um preto militante na cadeia por crime de racismo\u201d, disse ser \u00a0favor\u00e1vel que \u201calguns pretos fossem levados \u00e0 for\u00e7a para a \u00c1frica\u201d e recentemente publicou no Di\u00e1rio Oficial da Uni\u00e3o (DOU) um decreto alterando os nomes de personalidades negras homenageadas pela funda\u00e7\u00e3o Palmares.<\/p>\n<p>Em resposta \u00e0 cantora e compositora Lecy Brand\u00e3o, que reagiu \u00e0s suas ofensas e o chamou de \u201cimbecil\u201d, Camargo, usou o termo denegrir, considerado racista. \u201cA lista da Funda\u00e7\u00e3o Palmares (de personalidades) prestar\u00e1 homenagens p\u00f3stumas a partir de 1 de dezembro. Xingamentos denigrem o legado do artista e reduzem as chances de sua inclus\u00e3o no futuro\u201d, escreveu pelo tweeter. Formado em jornalismo, Camargo, ainda assim, considera \u201cdever moral de todo direitista desacreditar artistas e jornalistas\u201d, conforme publicou o Yahoo Not\u00edcias.<\/p>\n<p><strong>Ele passar\u00e1<\/strong><\/p>\n<p>Entre as estrat\u00e9gias de esvaziamento da Funda\u00e7\u00e3o est\u00e1 a total aus\u00eancia de investimentos. Den\u00fancias de integrantes do movimento negro apontam que Camargo, em 2020 at\u00e9 setembro, aplicou apenas 47,52% do or\u00e7amento, o menor percentual desde 2012. Ontem, Dia da Consciencia Negra, mais de 50 lideran\u00e7as entraram com representa\u00e7\u00e3o contra ele o Minist\u00e9rio P\u00fablico, na Procuradoria Federal dos Direitos do Cidad\u00e3o, por improbidade administrativa. No documento, ressaltam que Camargo \u201cvem desafiando os limites da ordem jur\u00eddica e o real compromisso do Estado Brasileiro com a promo\u00e7\u00e3o da igualdade social\u201d.<\/p>\n<p>Carlos Moura, fundador e primeiro presidente da Funda\u00e7\u00e3o (1988-1990\/2000-2003), disse que sente um misto de \u201ctristeza e revolta\u201d. \u201cMas, nesses sentimentos, existe a esperan\u00e7a de que n\u00e3o nos dobrar\u00e3o. Hoje \u00e9 um dia de alegria. O Movimento negro est\u00e1 vivo\u201d, ressaltou. A sa\u00edda para a mudan\u00e7a nos estragos que est\u00e3o sendo perpetrados por Camargo, destacou, \u00e9 o voto. \u201cCreio no poder do exerc\u00edcio da cidadania. J\u00e1 estamos nos preparando para a virada, em 2022. A mudan\u00e7a come\u00e7a agora, pela via democr\u00e1tica\u201d, refor\u00e7ou Moura.<\/p>\n<p>Ele entende, por outro lado, que a chegada de Camargo no cargo n\u00e3o \u00e9 um fato isolado. \u201cSe deve \u00e0s atitudes de quem o nomeou. Vivemos em um estado de desrespeito aos direitos humanos e \u00e0 pr\u00e1tica da liberdade, onde um grupo social se considera melhor e os demais n\u00e3o t\u00eam passado nem futuro. O titular da Funda\u00e7\u00e3o infelizmente n\u00e3o est\u00e1 sozinho. Muitos negros introjetaram esse comportamento. O trabalho para supera\u00e7\u00e3o do racismo e do preconceito perdeu a din\u00e2mica, do ponto de vista do Estado\u201d, afirmou Carlos Moura.<\/p>\n<p>Dulce Pereira (1996-2000), arquiteta e especialista em comunica\u00e7\u00e3o social, entende que a atual organiza\u00e7\u00e3o do Estado, a partir do Executivo, \u00e9 feita para a retirada dos direitos, de valores de identidade do povo negro, do poder em rela\u00e7\u00e3o ao territ\u00f3rio. E Palmares faz parte desse conjunto. \u201cO distanciamento do Estado das popula\u00e7\u00f5es espec\u00edficas \u2013 negros e ind\u00edgenas \u2013 \u00e9 um processo de desmonte de tudo que foi conquistado a partir dos anos de 1980\u201d. \u00a0A tentativa de apagar a mem\u00f3ria n\u00e3o \u00e9 nova &#8211; com a nega\u00e7\u00e3o da exist\u00eancia, hoje cientificamente comprovada, da pr\u00e1tica do racismo, segundo Dulce.<\/p>\n<p>\u201cN\u00e3o h\u00e1 surpresa nesse processo, o que h\u00e1 \u00e9 uma desresponsabiliza\u00e7\u00e3o com mais de 50% da popula\u00e7\u00e3o e com processo de inclus\u00e3o econ\u00f4mica e social, de espa\u00e7o e de direitos. N\u00e3o se pensa em direitos absolutos. At\u00e9 se permite estrat\u00e9gias ou mecanismos de inclus\u00e3o na universidade ou de forma\u00e7\u00e3o e capacita\u00e7\u00e3o e de aumento da popula\u00e7\u00e3o negra no setor p\u00fablico, por exemplo. Mas os direitos fundamentais, como a hist\u00f3ria, esses est\u00e3o sendo retirados, as institui\u00e7\u00f5es s\u00e3o esvaziadas, as lideran\u00e7as s\u00e3o desqualificadas e deixam de servir de refer\u00eancia\u201d, alertou Dulce Pereira.<\/p>\n<p>Arquiteto e produtor cultural, Zulu Ara\u00fajo foi presidente da Funda\u00e7\u00e3o Palmares de 2007 a 2010. Ele lembra que o momento pol\u00edtico afeta a todos. Os negros n\u00e3o s\u00e3o exce\u00e7\u00e3o. \u201cN\u00e3o podemos esquecer que H\u00e9lio Bolsonaro foi eleito como deputado. Um negro racista e de direita e um dos mais votados. A regra \u00e9 o retrocesso. A quest\u00e3o ideol\u00f3gica n\u00e3o perpassa a quest\u00e3o racial. Isso acontece no mundo inteiro, inclusive na \u00c1frica. E para o presidente da Funda\u00e7\u00e3o Palmares, a cor da pele n\u00e3o significa nada\u201d, exemplificou.<\/p>\n<p>O futuro, segundo Zulu Ara\u00fajo, ter\u00e1 que ser baseado em alian\u00e7as. N\u00e3o se trata de uma guerra entre negros e brancos. \u201cA quest\u00e3o \u00e9 entre antirracistas e racistas. Temos que usar nossa Intelig\u00eancia para fazer aliados. \u00c9 preciso ficar claro que n\u00e3o queremos supremacia negra e muito menos supremacia branca\u201d. Ele disse que n\u00e3o teme as \u201cmedidas irrespons\u00e1veis\u201d que est\u00e3o sendo agora levadas a cabo. \u201cN\u00e3o tenho receio dessas irresponsabilidades. Toca a zabumba que a terra \u00e9 nossa. Eles \u00e9 que n\u00e3o sabem\u201d, refor\u00e7ou.<\/p>\n","protected":false},"excerpt":{"rendered":"<p>Carlos Moura, fundador e duas vezes presidente da Funda\u00e7\u00e3o Palmares (1988-1990\/2000-2003), disse que sente um misto de \u201ctristeza e revolta\u201d. \u201cMas, nesses sentimentos, existe a esperan\u00e7a de que n\u00e3o nos dobrar\u00e3o. Hoje \u00e9 um dia de alegria. O Movimento negro est\u00e1 vivo\u201d, ressaltou Foto de Carlos Moura: Not\u00edcia Preta A Funda\u00e7\u00e3o Cultural Palmares nasceu em 22 de agosto de 1988. [&hellip;]<\/p>\n","protected":false},"author":27,"featured_media":0,"comment_status":"open","ping_status":"closed","sticky":false,"template":"","format":"standard","meta":{"footnotes":""},"categories":[2719],"tags":[13199,10670,17204,17177,1979,12073,16795,17156],"class_list":["post-18363","post","type-post","status-publish","format-standard","hentry","category-servidor","tag-dia-da-consciencia-negra","tag-esperanca","tag-fundacao-cultural-palmares","tag-movimento-negro","tag-racismo","tag-revolta","tag-tristeza","tag-zumbi-dos-palmares"],"_links":{"self":[{"href":"https:\/\/blogs.correiobraziliense.com.br\/servidor\/wp-json\/wp\/v2\/posts\/18363","targetHints":{"allow":["GET"]}}],"collection":[{"href":"https:\/\/blogs.correiobraziliense.com.br\/servidor\/wp-json\/wp\/v2\/posts"}],"about":[{"href":"https:\/\/blogs.correiobraziliense.com.br\/servidor\/wp-json\/wp\/v2\/types\/post"}],"author":[{"embeddable":true,"href":"https:\/\/blogs.correiobraziliense.com.br\/servidor\/wp-json\/wp\/v2\/users\/27"}],"replies":[{"embeddable":true,"href":"https:\/\/blogs.correiobraziliense.com.br\/servidor\/wp-json\/wp\/v2\/comments?post=18363"}],"version-history":[{"count":1,"href":"https:\/\/blogs.correiobraziliense.com.br\/servidor\/wp-json\/wp\/v2\/posts\/18363\/revisions"}],"predecessor-version":[{"id":18365,"href":"https:\/\/blogs.correiobraziliense.com.br\/servidor\/wp-json\/wp\/v2\/posts\/18363\/revisions\/18365"}],"wp:attachment":[{"href":"https:\/\/blogs.correiobraziliense.com.br\/servidor\/wp-json\/wp\/v2\/media?parent=18363"}],"wp:term":[{"taxonomy":"category","embeddable":true,"href":"https:\/\/blogs.correiobraziliense.com.br\/servidor\/wp-json\/wp\/v2\/categories?post=18363"},{"taxonomy":"post_tag","embeddable":true,"href":"https:\/\/blogs.correiobraziliense.com.br\/servidor\/wp-json\/wp\/v2\/tags?post=18363"}],"curies":[{"name":"wp","href":"https:\/\/api.w.org\/{rel}","templated":true}]}}