{"id":18358,"date":"2020-11-20T16:06:31","date_gmt":"2020-11-20T19:06:31","guid":{"rendered":"https:\/\/blogs.correiobraziliense.com.br\/servidor\/?p=18358"},"modified":"2020-11-20T16:06:31","modified_gmt":"2020-11-20T19:06:31","slug":"angela-beatriz-de-assis-e-a-nova-presidente-da-brasilprev","status":"publish","type":"post","link":"https:\/\/blogs.correiobraziliense.com.br\/servidor\/angela-beatriz-de-assis-e-a-nova-presidente-da-brasilprev\/","title":{"rendered":"\u00c2ngela Beatriz de Assis \u00e9 a nova presidente da Brasilprev"},"content":{"rendered":"<p><em><strong>\u00c2ngela Beatriz de Assis acaba de assumir a presid\u00eancia da Brasilprev. Especialista em previd\u00eancia privada, ela exercia, desde 2017, a fun\u00e7\u00e3o de diretora Comercial e de Marketing da companhia. A executiva \u00e9 a primeira mulher na presid\u00eancia da maior empresa do setor de previd\u00eancia do pa\u00eds. \u00c2ngela substitui Marcio Hamilton, que recentemente foi nomeado como presidente da BB Seguros.<\/strong><\/em><\/p>\n<p><img loading=\"lazy\" decoding=\"async\" class=\"alignright size-large wp-image-18359\" src=\"https:\/\/blogs.correiobraziliense.com.br\/servidor\/wp-content\/uploads\/sites\/10\/2020\/11\/BRASILPREV-PRESIDENTA-888x1024.jpg\" alt=\"\" width=\"888\" height=\"1024\" srcset=\"https:\/\/blogs.correiobraziliense.com.br\/servidor\/wp-content\/uploads\/sites\/10\/2020\/11\/BRASILPREV-PRESIDENTA-888x1024.jpg 888w, https:\/\/blogs.correiobraziliense.com.br\/servidor\/wp-content\/uploads\/sites\/10\/2020\/11\/BRASILPREV-PRESIDENTA-260x300.jpg 260w, https:\/\/blogs.correiobraziliense.com.br\/servidor\/wp-content\/uploads\/sites\/10\/2020\/11\/BRASILPREV-PRESIDENTA-768x885.jpg 768w, https:\/\/blogs.correiobraziliense.com.br\/servidor\/wp-content\/uploads\/sites\/10\/2020\/11\/BRASILPREV-PRESIDENTA-1440x1660.jpg 1440w, https:\/\/blogs.correiobraziliense.com.br\/servidor\/wp-content\/uploads\/sites\/10\/2020\/11\/BRASILPREV-PRESIDENTA-800x922.jpg 800w, https:\/\/blogs.correiobraziliense.com.br\/servidor\/wp-content\/uploads\/sites\/10\/2020\/11\/BRASILPREV-PRESIDENTA-550x634.jpg 550w, https:\/\/blogs.correiobraziliense.com.br\/servidor\/wp-content\/uploads\/sites\/10\/2020\/11\/BRASILPREV-PRESIDENTA-230x265.jpg 230w\" sizes=\"auto, (max-width: 888px) 100vw, 888px\" \/><\/p>\n<p>Graduada em Rela\u00e7\u00f5es Internacionais pela Universidade de Bras\u00edlia, \u00c2ngela possui duas especializa\u00e7\u00f5es: uma em Recursos Humanos, pela Funda\u00e7\u00e3o Get\u00falio Vargas, e outra em Lideran\u00e7a Estrat\u00e9gica, pela Inepad\/Unisinos. A executiva iniciou sua carreira no Banco do Brasil em 1992, atuando at\u00e9 2004 na rede de ag\u00eancias de Varejo e tamb\u00e9m de Atacado. Na sequ\u00eancia, assumiu a ger\u00eancia de divis\u00e3o nas diretorias de Varejo e Cart\u00f5es e, de 2009 a 2012, foi gerente executiva na diretoria de Controles Internos. Ainda como gerente executiva, ocupou a diretoria de Seguros, Previd\u00eancia Aberta e Capitaliza\u00e7\u00e3o por 11 meses, antes de ir para a BB Seguros para ser diretora de Clientes, Comercial e de Produtos, entre mar\u00e7o de 2013 e maio de 2017. Ap\u00f3s esse per\u00edodo, \u00c2ngela assumiu o cargo de diretora na Brasilprev.<u><\/u><u><\/u><\/p>\n<p><i>\u201c\u00c9 motivo de orgulho receber esse reconhecimento dos acionistas da Brasilprev, a BB Seguros e a Principal. Tenho certeza de que com essa confian\u00e7a, bem como o esfor\u00e7o reconhecido de todo o nosso time e a excepcional for\u00e7a de vendas do Banco do Brasil, manteremos o foco nas a\u00e7\u00f5es para, juntos, entregarmos o prop\u00f3sito de transformar o jeito como o brasileiro prepara o seu futuro.\u201d<\/i>, destaca \u00c2ngela Beatriz de Assis, nova presidente da Brasilprev.<\/p>\n<p><strong><em>Sobre a Brasilprev\u00a0<\/em><\/strong><\/p>\n<p><em>Com 27 anos de atua\u00e7\u00e3o, a Brasilprev Seguros e Previd\u00eancia S.A tem como acionistas a BB Seguros, bra\u00e7o de seguros, capitaliza\u00e7\u00e3o e previd\u00eancia privada do Banco do Brasil, e a Principal, uma das principais institui\u00e7\u00f5es financeiras dos Estados Unidos. L\u00edder do setor, a companhia conta com mais de R$ 300 bilh\u00f5es em ativos sob gest\u00e3o e uma carteira de 2 milh\u00f5es de clientes. Especialista no neg\u00f3cio de previd\u00eancia privada, com produtos acess\u00edveis e servi\u00e7os diferenciados, a Brasilprev conta com a rede de ag\u00eancias do Banco do Brasil como seu principal canal de distribui\u00e7\u00e3o.<\/em><\/p>\n","protected":false},"excerpt":{"rendered":"<p>\u00c2ngela Beatriz de Assis acaba de assumir a presid\u00eancia da Brasilprev. Especialista em previd\u00eancia privada, ela exercia, desde 2017, a fun\u00e7\u00e3o de diretora Comercial e de Marketing da companhia. A executiva \u00e9 a primeira mulher na presid\u00eancia da maior empresa do setor de previd\u00eancia do pa\u00eds. \u00c2ngela substitui Marcio Hamilton, que recentemente foi nomeado como presidente da BB Seguros. Graduada [&hellip;]<\/p>\n","protected":false},"author":27,"featured_media":0,"comment_status":"open","ping_status":"closed","sticky":false,"template":"","format":"standard","meta":{"footnotes":""},"categories":[2719],"tags":[3587,18486,5626,188,4909,3716,81,3923],"class_list":["post-18358","post","type-post","status-publish","format-standard","hentry","category-servidor","tag-acionistas","tag-bb-seguros","tag-brasilprev","tag-carreira","tag-diretora","tag-mulher","tag-presidente","tag-reconhecimento"],"_links":{"self":[{"href":"https:\/\/blogs.correiobraziliense.com.br\/servidor\/wp-json\/wp\/v2\/posts\/18358","targetHints":{"allow":["GET"]}}],"collection":[{"href":"https:\/\/blogs.correiobraziliense.com.br\/servidor\/wp-json\/wp\/v2\/posts"}],"about":[{"href":"https:\/\/blogs.correiobraziliense.com.br\/servidor\/wp-json\/wp\/v2\/types\/post"}],"author":[{"embeddable":true,"href":"https:\/\/blogs.correiobraziliense.com.br\/servidor\/wp-json\/wp\/v2\/users\/27"}],"replies":[{"embeddable":true,"href":"https:\/\/blogs.correiobraziliense.com.br\/servidor\/wp-json\/wp\/v2\/comments?post=18358"}],"version-history":[{"count":1,"href":"https:\/\/blogs.correiobraziliense.com.br\/servidor\/wp-json\/wp\/v2\/posts\/18358\/revisions"}],"predecessor-version":[{"id":18360,"href":"https:\/\/blogs.correiobraziliense.com.br\/servidor\/wp-json\/wp\/v2\/posts\/18358\/revisions\/18360"}],"wp:attachment":[{"href":"https:\/\/blogs.correiobraziliense.com.br\/servidor\/wp-json\/wp\/v2\/media?parent=18358"}],"wp:term":[{"taxonomy":"category","embeddable":true,"href":"https:\/\/blogs.correiobraziliense.com.br\/servidor\/wp-json\/wp\/v2\/categories?post=18358"},{"taxonomy":"post_tag","embeddable":true,"href":"https:\/\/blogs.correiobraziliense.com.br\/servidor\/wp-json\/wp\/v2\/tags?post=18358"}],"curies":[{"name":"wp","href":"https:\/\/api.w.org\/{rel}","templated":true}]}}