{"id":1835,"date":"2016-06-07T12:54:48","date_gmt":"2016-06-07T15:54:48","guid":{"rendered":"https:\/\/blogs.correiobraziliense.com.br\/servidor\/?p=1835"},"modified":"2016-06-07T12:54:48","modified_gmt":"2016-06-07T15:54:48","slug":"stf-foi-pego-de-surpresa","status":"publish","type":"post","link":"https:\/\/blogs.correiobraziliense.com.br\/servidor\/stf-foi-pego-de-surpresa\/","title":{"rendered":"STF foi pego de surpresa!"},"content":{"rendered":"<p>Fontes ligadas ao ministro Ricardo Lewandowski, presidente do Supremo Tribunal Federal (STF), disseram que a c\u00fapula do Judici\u00e1rio foi pega de surpresa. Ningu\u00e9m suspeitava que o governo iria recuar e reduzir o percentual de reajuste (de 16,38%, em dois anos) ou enquadrar os poderosos membros das cortes superiores na PEC do limite de gasto. Observadores externos, no entanto, duvidam que o Executivo, diante de tantas den\u00fancias envolvendo personalidades rec\u00e9m-empossadas, &#8220;ter\u00e1 coragem&#8221; de mexer com aqueles com poder de decidir, n\u00e3o apenas o destino dos r\u00e9us, mas tamb\u00e9m sobre os pr\u00f3prios sal\u00e1rios. &#8220;Seria uma ousadia in\u00e9dita&#8221;, ironizaram os analistas de mercado.<\/p>\n","protected":false},"excerpt":{"rendered":"<p>Fontes ligadas ao ministro Ricardo Lewandowski, presidente do Supremo Tribunal Federal (STF), disseram que a c\u00fapula do Judici\u00e1rio foi pega de surpresa. Ningu\u00e9m suspeitava que o governo iria recuar e reduzir o percentual de reajuste (de 16,38%, em dois anos) ou enquadrar os poderosos membros das cortes superiores na PEC do limite de gasto. Observadores externos, no entanto, duvidam que [&hellip;]<\/p>\n","protected":false},"author":27,"featured_media":0,"comment_status":"open","ping_status":"closed","sticky":false,"template":"","format":"standard","meta":{"footnotes":""},"categories":[1],"tags":[98,33,690,2185,1195,34,2186,2184,120],"class_list":["post-1835","post","type-post","status-publish","format-standard","hentry","category-sem-categoria","tag-governo","tag-ministros","tag-reajustes","tag-recuar","tag-reduzir","tag-stf","tag-superiores","tag-surpresa","tag-tribunais"],"_links":{"self":[{"href":"https:\/\/blogs.correiobraziliense.com.br\/servidor\/wp-json\/wp\/v2\/posts\/1835","targetHints":{"allow":["GET"]}}],"collection":[{"href":"https:\/\/blogs.correiobraziliense.com.br\/servidor\/wp-json\/wp\/v2\/posts"}],"about":[{"href":"https:\/\/blogs.correiobraziliense.com.br\/servidor\/wp-json\/wp\/v2\/types\/post"}],"author":[{"embeddable":true,"href":"https:\/\/blogs.correiobraziliense.com.br\/servidor\/wp-json\/wp\/v2\/users\/27"}],"replies":[{"embeddable":true,"href":"https:\/\/blogs.correiobraziliense.com.br\/servidor\/wp-json\/wp\/v2\/comments?post=1835"}],"version-history":[{"count":1,"href":"https:\/\/blogs.correiobraziliense.com.br\/servidor\/wp-json\/wp\/v2\/posts\/1835\/revisions"}],"predecessor-version":[{"id":1836,"href":"https:\/\/blogs.correiobraziliense.com.br\/servidor\/wp-json\/wp\/v2\/posts\/1835\/revisions\/1836"}],"wp:attachment":[{"href":"https:\/\/blogs.correiobraziliense.com.br\/servidor\/wp-json\/wp\/v2\/media?parent=1835"}],"wp:term":[{"taxonomy":"category","embeddable":true,"href":"https:\/\/blogs.correiobraziliense.com.br\/servidor\/wp-json\/wp\/v2\/categories?post=1835"},{"taxonomy":"post_tag","embeddable":true,"href":"https:\/\/blogs.correiobraziliense.com.br\/servidor\/wp-json\/wp\/v2\/tags?post=1835"}],"curies":[{"name":"wp","href":"https:\/\/api.w.org\/{rel}","templated":true}]}}