{"id":18340,"date":"2020-11-19T17:16:30","date_gmt":"2020-11-19T20:16:30","guid":{"rendered":"https:\/\/blogs.correiobraziliense.com.br\/servidor\/?p=18340"},"modified":"2020-11-19T17:16:30","modified_gmt":"2020-11-19T20:16:30","slug":"nota-de-repudio-do-sinait-condena-usurpacao-de-competencias-da-fiscalizacao-do-trabalho","status":"publish","type":"post","link":"https:\/\/blogs.correiobraziliense.com.br\/servidor\/nota-de-repudio-do-sinait-condena-usurpacao-de-competencias-da-fiscalizacao-do-trabalho\/","title":{"rendered":"Nota de rep\u00fadio do Sinait condena usurpa\u00e7\u00e3o de compet\u00eancias da Fiscaliza\u00e7\u00e3o do Trabalho"},"content":{"rendered":"<p><em><strong>A entidade destaca que as regras divulgadas pelo Minist\u00e9rio da Economia, sobre suspen\u00e7\u00e3o do contrato de trabalho e redu\u00e7\u00e3o de jornada e sal\u00e1rio, configura grave interfer\u00eancia &#8220;em seara eminentemente t\u00e9cnica&#8221;<\/strong><\/em><\/p>\n<p>&#8220;Este ato, associado a tantos outros que afetam a autonomia da SIT e as atividades dos Auditores-Fiscais do Trabalho, desobedece o que est\u00e1 preconizado na\u00a0<a href=\"http:\/\/www.planalto.gov.br\/ccivil_03\/LEIS\/2002\/L10593.htm\">Lei n\u00ba 10.593\/2002<\/a>\u00a0e fere dispositivos da\u00a0<a href=\"http:\/\/www.planalto.gov.br\/ccivil_03\/_Ato2019-2022\/2019\/Decreto\/D10088.htm#art5\">Conven\u00e7\u00e3o 81<\/a>\u00a0da Organiza\u00e7\u00e3o Internacional do Trabalho \u2013 OIT, instrumento ratificado pelo governo brasileiro&#8221;, informa o Sinait.<\/p>\n<p>Veja a nota:<\/p>\n<p>&#8220;A Diretoria Executiva Nacional do SINAIT tomou conhecimento da\u00a0<a href=\"https:\/\/sinait.org.br\/docs\/sei-me-11826535_-_nota_tecnica_da_subsecretaria_de_politicas_publicas_do_trabalho.pdf\" target=\"_blank\" rel=\"noopener\"><strong>Nota T\u00e9cnica SEI n\u00ba 51520\/2020\/ME<\/strong><\/a>, nesta quarta-feira, 18 de novembro. Produzida no \u00e2mbito da Subsecretaria de Pol\u00edticas P\u00fablicas do Trabalho da Secretaria do Trabalho \/ Secretaria Especial da Previd\u00eancia e do Trabalho \/ Minist\u00e9rio da Economia, o documento \u00e9 \u201c<em>Nota t\u00e9cnica que analisa os efeitos dos acordos de suspens\u00e3o do contrato de trabalho e de redu\u00e7\u00e3o proporcional de jornada e de sal\u00e1rio, de que trata a Lei 14.020 de 2020, sobre o c\u00e1lculo do 13\u00ba sal\u00e1rio e das f\u00e9rias dos trabalhadores\u201d.\u00a0<\/em>Ao final, os autores submeteram o documento \u00e0 aprova\u00e7\u00e3o do Secret\u00e1rio do Trabalho, Bruno Dalcolmo \u2013 que aprovou \u2013 e recomendaram dar divulga\u00e7\u00e3o ao p\u00fablico e \u00e0 Inspe\u00e7\u00e3o do Trabalho.<\/p>\n<p>O SINAIT recebe este expediente com indigna\u00e7\u00e3o e rep\u00fadio, pois configura grave ato de interfer\u00eancia em seara eminentemente t\u00e9cnica, de compet\u00eancia exclusiva da Auditoria-Fiscal do Trabalho, diretamente ligada \u00e0 Subsecretaria de Inspe\u00e7\u00e3o do Trabalho \u2013 SIT e que responde \u00e0 autoridade do Subsecret\u00e1rio de Inspe\u00e7\u00e3o do Trabalho.<\/p>\n<p>Este ato, associado a tantos outros que afetam a autonomia da SIT e as atividades dos Auditores-Fiscais do Trabalho, desobedece o que est\u00e1 preconizado na\u00a0<a href=\"http:\/\/www.planalto.gov.br\/ccivil_03\/LEIS\/2002\/L10593.htm\">Lei n\u00ba 10.593\/2002<\/a>\u00a0e fere dispositivos da\u00a0<a href=\"http:\/\/www.planalto.gov.br\/ccivil_03\/_Ato2019-2022\/2019\/Decreto\/D10088.htm#art5\">Conven\u00e7\u00e3o 81<\/a>\u00a0da Organiza\u00e7\u00e3o Internacional do Trabalho \u2013 OIT, instrumento ratificado pelo governo brasileiro.<\/p>\n<p>\u00c9 necess\u00e1rio que esta interfer\u00eancia seja saneada em sua raiz. Fere a autonomia t\u00e9cnica e a organiza\u00e7\u00e3o da Inspe\u00e7\u00e3o do Trabalho,\u00a0<a href=\"https:\/\/www2.camara.leg.br\/legin\/fed\/decret\/1824-1899\/decreto-1313-17-janeiro-1891-498588-publicacaooriginal-1-pe.html\">institui\u00e7\u00e3o criada em 1891<\/a>, prevista no ordenamento jur\u00eddico do Estado brasileiro e regida pelo Regulamento da Inspe\u00e7\u00e3o do Trabalho \u2013 RIT. Os Auditores-Fiscais do Trabalho atuam sob a necess\u00e1ria vig\u00eancia de garantias que assegurem o seu efetivo funcionamento, sendo a principal delas a n\u00e3o interfer\u00eancia externa na organiza\u00e7\u00e3o, planejamento e execu\u00e7\u00e3o da Inspe\u00e7\u00e3o do Trabalho, prevista no inciso XXIV do artigo 21 da Constitui\u00e7\u00e3o Federal.<\/p>\n<p>\u00c9 inadmiss\u00edvel que a Secretaria Especial da Previd\u00eancia e do Trabalho permita, dentro da Secretaria do Trabalho, a concorr\u00eancia interna de atividades entre subsecretarias, neste caso com a inconteste usurpa\u00e7\u00e3o de compet\u00eancias exclusivas da Fiscaliza\u00e7\u00e3o do Trabalho. Sob este entendimento, o SINAIT exige provid\u00eancias imediatas para reparar esta situa\u00e7\u00e3o e evitar que se repita no futuro.<\/p>\n<p>No \u00e2mbito de sua a\u00e7\u00e3o sindical, caso a Secretaria Especial n\u00e3o tome as provid\u00eancias necess\u00e1rias, o Sindicato Nacional adotar\u00e1 as medidas cab\u00edveis para resguardar direitos, compet\u00eancias e atribui\u00e7\u00f5es dos Auditores-Fiscais do Trabalho, autoridade trabalhista constitu\u00edda por lei e amparada por conven\u00e7\u00f5es internacionais ratificadas pelo Brasil.<\/p>\n<p><em><strong>Diretoria Executiva Nacional do SINAIT \u2013 DEN&#8221;<\/strong><\/em><\/p>\n","protected":false},"excerpt":{"rendered":"<p>A entidade destaca que as regras divulgadas pelo Minist\u00e9rio da Economia, sobre suspen\u00e7\u00e3o do contrato de trabalho e redu\u00e7\u00e3o de jornada e sal\u00e1rio, configura grave interfer\u00eancia &#8220;em seara eminentemente t\u00e9cnica&#8221; &#8220;Este ato, associado a tantos outros que afetam a autonomia da SIT e as atividades dos Auditores-Fiscais do Trabalho, desobedece o que est\u00e1 preconizado na\u00a0Lei n\u00ba 10.593\/2002\u00a0e fere dispositivos da\u00a0Conven\u00e7\u00e3o [&hellip;]<\/p>\n","protected":false},"author":27,"featured_media":0,"comment_status":"open","ping_status":"closed","sticky":false,"template":"","format":"standard","meta":{"footnotes":""},"categories":[2719],"tags":[2414,648,2140,745,2032,18484,1623,37,2068,1217,905,4245,261,8825],"class_list":["post-18340","post","type-post","status-publish","format-standard","hentry","category-servidor","tag-13o-salario","tag-auditores-fiscais","tag-competencias","tag-contrato","tag-ferias","tag-fiscalizacao-do-trabalho","tag-jornada","tag-nota","tag-oit","tag-repudio","tag-sinait","tag-sit","tag-trabalho","tag-usurpacao"],"_links":{"self":[{"href":"https:\/\/blogs.correiobraziliense.com.br\/servidor\/wp-json\/wp\/v2\/posts\/18340","targetHints":{"allow":["GET"]}}],"collection":[{"href":"https:\/\/blogs.correiobraziliense.com.br\/servidor\/wp-json\/wp\/v2\/posts"}],"about":[{"href":"https:\/\/blogs.correiobraziliense.com.br\/servidor\/wp-json\/wp\/v2\/types\/post"}],"author":[{"embeddable":true,"href":"https:\/\/blogs.correiobraziliense.com.br\/servidor\/wp-json\/wp\/v2\/users\/27"}],"replies":[{"embeddable":true,"href":"https:\/\/blogs.correiobraziliense.com.br\/servidor\/wp-json\/wp\/v2\/comments?post=18340"}],"version-history":[{"count":1,"href":"https:\/\/blogs.correiobraziliense.com.br\/servidor\/wp-json\/wp\/v2\/posts\/18340\/revisions"}],"predecessor-version":[{"id":18341,"href":"https:\/\/blogs.correiobraziliense.com.br\/servidor\/wp-json\/wp\/v2\/posts\/18340\/revisions\/18341"}],"wp:attachment":[{"href":"https:\/\/blogs.correiobraziliense.com.br\/servidor\/wp-json\/wp\/v2\/media?parent=18340"}],"wp:term":[{"taxonomy":"category","embeddable":true,"href":"https:\/\/blogs.correiobraziliense.com.br\/servidor\/wp-json\/wp\/v2\/categories?post=18340"},{"taxonomy":"post_tag","embeddable":true,"href":"https:\/\/blogs.correiobraziliense.com.br\/servidor\/wp-json\/wp\/v2\/tags?post=18340"}],"curies":[{"name":"wp","href":"https:\/\/api.w.org\/{rel}","templated":true}]}}