{"id":18321,"date":"2020-11-19T10:59:03","date_gmt":"2020-11-19T13:59:03","guid":{"rendered":"https:\/\/blogs.correiobraziliense.com.br\/servidor\/?p=18321"},"modified":"2020-11-19T10:59:03","modified_gmt":"2020-11-19T13:59:03","slug":"no-dia-da-consciencia-negra-cnj-e-faculdade-zumbi-dos-palmares-firmam-parceria","status":"publish","type":"post","link":"https:\/\/blogs.correiobraziliense.com.br\/servidor\/no-dia-da-consciencia-negra-cnj-e-faculdade-zumbi-dos-palmares-firmam-parceria\/","title":{"rendered":"No Dia da Consci\u00eancia Negra, CNJ e Faculdade Zumbi dos Palmares firmam parceria"},"content":{"rendered":"<p><em><strong>Na sexta-feira (20\/11), Dia da Consci\u00eancia Negra, o Conselho Nacional de Justi\u00e7a (CNJ) e a Faculdade Zumbi dos Palmares firmam parceria para refor\u00e7ar o combate \u00e0 discrimina\u00e7\u00e3o racial do Judici\u00e1rio. A cerim\u00f4nia ser\u00e1 \u00e0s 13 horas, com\u00a0<a href=\"https:\/\/www.cnj.jus.br\/wp-admin\/admin-ajax.php?page=acymailing_front&amp;ctrl=fronturl&amp;task=click&amp;urlid=10279&amp;userid=181865&amp;mailid=11858&amp;action=acymailing_frontrouter&amp;noheader=1\" target=\"_blank\" rel=\"noopener\">transmiss\u00e3o ao vivo pelo YouTube<\/a>, com a presen\u00e7a do presidente do Conselho, ministro Luiz Fux, e do diretor-presidente da entidade, Raphael de Lima Vicente<\/strong><\/em><\/p>\n<p><img loading=\"lazy\" decoding=\"async\" class=\"alignright size-full wp-image-18322\" src=\"https:\/\/blogs.correiobraziliense.com.br\/servidor\/wp-content\/uploads\/sites\/10\/2020\/11\/CNJ-E-FACULDADE-ZUMBI-DOS-PALMARES.jpg\" alt=\"\" width=\"960\" height=\"968\" srcset=\"https:\/\/blogs.correiobraziliense.com.br\/servidor\/wp-content\/uploads\/sites\/10\/2020\/11\/CNJ-E-FACULDADE-ZUMBI-DOS-PALMARES.jpg 960w, https:\/\/blogs.correiobraziliense.com.br\/servidor\/wp-content\/uploads\/sites\/10\/2020\/11\/CNJ-E-FACULDADE-ZUMBI-DOS-PALMARES-150x150.jpg 150w, https:\/\/blogs.correiobraziliense.com.br\/servidor\/wp-content\/uploads\/sites\/10\/2020\/11\/CNJ-E-FACULDADE-ZUMBI-DOS-PALMARES-298x300.jpg 298w, https:\/\/blogs.correiobraziliense.com.br\/servidor\/wp-content\/uploads\/sites\/10\/2020\/11\/CNJ-E-FACULDADE-ZUMBI-DOS-PALMARES-768x774.jpg 768w, https:\/\/blogs.correiobraziliense.com.br\/servidor\/wp-content\/uploads\/sites\/10\/2020\/11\/CNJ-E-FACULDADE-ZUMBI-DOS-PALMARES-800x807.jpg 800w, https:\/\/blogs.correiobraziliense.com.br\/servidor\/wp-content\/uploads\/sites\/10\/2020\/11\/CNJ-E-FACULDADE-ZUMBI-DOS-PALMARES-550x555.jpg 550w, https:\/\/blogs.correiobraziliense.com.br\/servidor\/wp-content\/uploads\/sites\/10\/2020\/11\/CNJ-E-FACULDADE-ZUMBI-DOS-PALMARES-230x232.jpg 230w\" sizes=\"auto, (max-width: 960px) 100vw, 960px\" \/><\/p>\n<p>Com a coopera\u00e7\u00e3o t\u00e9cnica, as duas institui\u00e7\u00f5es v\u00e3o desenvolver estudos e pesquisas de avalia\u00e7\u00e3o, observa\u00e7\u00e3o e monitoramento de pol\u00edticas afirmativas e de cotas raciais nos concursos da magistratura, nos est\u00e1gios, \u00f3rg\u00e3os e ambientes da Justi\u00e7a. Al\u00e9m disso, ser\u00e3o propostos projetos e pol\u00edticas que incentivem a cultura de toler\u00e2ncia, media\u00e7\u00e3o, pacifica\u00e7\u00e3o e resolu\u00e7\u00e3o dos conflitos.<\/p>\n<p><em>Fonte: Ag\u00eancia CNJ de Not\u00edcias<\/em><\/p>\n","protected":false},"excerpt":{"rendered":"<p>Na sexta-feira (20\/11), Dia da Consci\u00eancia Negra, o Conselho Nacional de Justi\u00e7a (CNJ) e a Faculdade Zumbi dos Palmares firmam parceria para refor\u00e7ar o combate \u00e0 discrimina\u00e7\u00e3o racial do Judici\u00e1rio. A cerim\u00f4nia ser\u00e1 \u00e0s 13 horas, com\u00a0transmiss\u00e3o ao vivo pelo YouTube, com a presen\u00e7a do presidente do Conselho, ministro Luiz Fux, e do diretor-presidente da entidade, Raphael de Lima Vicente [&hellip;]<\/p>\n","protected":false},"author":27,"featured_media":0,"comment_status":"open","ping_status":"closed","sticky":false,"template":"","format":"standard","meta":{"footnotes":""},"categories":[2719],"tags":[254,93,16430,2860,12366,64,2323,1772,18477,182],"class_list":["post-18321","post","type-post","status-publish","format-standard","hentry","category-servidor","tag-cnj","tag-concurso","tag-cotas-raciais","tag-discriminacao","tag-faculdade-zumbi-dos-palmares","tag-judiciario","tag-magistratura","tag-parceria","tag-politicas-afirmativas","tag-racial"],"_links":{"self":[{"href":"https:\/\/blogs.correiobraziliense.com.br\/servidor\/wp-json\/wp\/v2\/posts\/18321","targetHints":{"allow":["GET"]}}],"collection":[{"href":"https:\/\/blogs.correiobraziliense.com.br\/servidor\/wp-json\/wp\/v2\/posts"}],"about":[{"href":"https:\/\/blogs.correiobraziliense.com.br\/servidor\/wp-json\/wp\/v2\/types\/post"}],"author":[{"embeddable":true,"href":"https:\/\/blogs.correiobraziliense.com.br\/servidor\/wp-json\/wp\/v2\/users\/27"}],"replies":[{"embeddable":true,"href":"https:\/\/blogs.correiobraziliense.com.br\/servidor\/wp-json\/wp\/v2\/comments?post=18321"}],"version-history":[{"count":1,"href":"https:\/\/blogs.correiobraziliense.com.br\/servidor\/wp-json\/wp\/v2\/posts\/18321\/revisions"}],"predecessor-version":[{"id":18323,"href":"https:\/\/blogs.correiobraziliense.com.br\/servidor\/wp-json\/wp\/v2\/posts\/18321\/revisions\/18323"}],"wp:attachment":[{"href":"https:\/\/blogs.correiobraziliense.com.br\/servidor\/wp-json\/wp\/v2\/media?parent=18321"}],"wp:term":[{"taxonomy":"category","embeddable":true,"href":"https:\/\/blogs.correiobraziliense.com.br\/servidor\/wp-json\/wp\/v2\/categories?post=18321"},{"taxonomy":"post_tag","embeddable":true,"href":"https:\/\/blogs.correiobraziliense.com.br\/servidor\/wp-json\/wp\/v2\/tags?post=18321"}],"curies":[{"name":"wp","href":"https:\/\/api.w.org\/{rel}","templated":true}]}}