{"id":18297,"date":"2020-11-17T19:49:13","date_gmt":"2020-11-17T22:49:13","guid":{"rendered":"https:\/\/blogs.correiobraziliense.com.br\/servidor\/?p=18297"},"modified":"2020-11-17T20:03:01","modified_gmt":"2020-11-17T23:03:01","slug":"frentes-parlamentares-se-encontram-para-discutir-a-reforma-administrativa","status":"publish","type":"post","link":"https:\/\/blogs.correiobraziliense.com.br\/servidor\/frentes-parlamentares-se-encontram-para-discutir-a-reforma-administrativa\/","title":{"rendered":"Frentes parlamentares se encontram para discutir a reforma administrativa"},"content":{"rendered":"<p><em><strong>A Frente Parlamentar Mista em Defesa do Servi\u00e7o P\u00fablico (Servir Brasil)\u00a0e a Frente Parlamentar Mista da Reforma Administrativa se re\u00fanem pela\u00a0primeira vez amanh\u00e3 (18), \u00e0s 15 horas, por teleconfer\u00eancia. \u00c9 um encontro hist\u00f3rico porque uma defende os servidores, a outra, o governo. Na quinta (19), \u00e0s 18h30, a Servir Brasil faz uma live para debater \u201cAvalia\u00e7\u00e3o de desempenho no servi\u00e7o p\u00fablico: como aumentar\u00a0a efici\u00eancia e reduzir desigualdades\u201d<\/strong><\/em><\/p>\n<p>Apesar das opini\u00f5es divergentes a\u00a0respeito das altera\u00e7\u00f5es sugeridas na PEC 32\/2020 \u2013 que trata da reforma<br \/>\nadministrativa \u2013,os parlamentares que coordenam as duas frentes mant\u00eam bom di\u00e1logo e pretendem elencar pontos cr\u00edticos para cada uma.<\/p>\n<p>Como exemplo de converg\u00eancia est\u00e3o a possibilidade de extin\u00e7\u00e3o,\u00a0transforma\u00e7\u00e3o e fus\u00e3o de entidades da administra\u00e7\u00e3o p\u00fablica aut\u00e1rquica e\u00a0fundacional por meio de decreto da Presid\u00eancia da Rep\u00fablica. Outro<br \/>\nconsenso \u00e9 que ambas condenam na proposta governo a cria\u00e7\u00e3o de v\u00ednculos de experi\u00eancia\u00a0como etapa de concurso p\u00fablico.<\/p>\n<div class=\"yj6qo\">A Frente Parlamentar Mista em Defesa do Servi\u00e7o P\u00fablico (Servir Brasil) tem como coordenador o deputado federal Professor Israel Batista (PV-DF). Coordena a\u00a0Frente Parlamentar Mista da Reforma Administrativa o deputado federal Tiago Mitraud (Novo-MG).<\/div>\n<div><\/div>\n<div><strong>Live<\/strong><\/div>\n<div><\/div>\n<div>A Frente Parlamentar Mista em Defesa do Servi\u00e7o P\u00fablico (Servir Brasil)\u00a0transmite na quinta (19), \u00e0s 18h30, a terceira live sobre o cen\u00e1rio\u00a0da administra\u00e7\u00e3o e do funcionalismo p\u00fablicos brasileiros. O tema deste\u00a0encontro ser\u00e1 \u201cAvalia\u00e7\u00e3o de desempenho no servi\u00e7o p\u00fablico: como aumentar\u00a0a efici\u00eancia e reduzir desigualdades\u201d.<\/div>\n<div><\/div>\n<div>Participar\u00e3o da live a doutora em Pol\u00edtica Social e professora no\u00a0Programa Avan\u00e7ado em Gest\u00e3o P\u00fablica do Insper, Cristina Kiomi Mori; e a\u00a0cientista pol\u00edtica, pesquisadora e coordenadora-geral da Campanha\u00a0Nacional pelo Direito \u00e0 Educa\u00e7\u00e3o, Andressa Pellanda.<\/div>\n<div><\/div>\n<div>O encontro desta quinta (19) ser\u00e1 mediado por Ana Lu\u00edza Matos de\u00a0Oliveira, doutora em Desenvolvimento Econ\u00f4mico. A transmiss\u00e3o ocorrer\u00e1\u00a0pelo Youtube (<a href=\"https:\/\/bit.ly\/3ePg3wM\" target=\"_blank\" rel=\"noopener noreferrer\">https:\/\/bit.ly\/3ePg3wM<\/a>) e pelo Facebook\u00a0 (<a href=\"http:\/\/www.fb.com\/servirbrasil\" target=\"_blank\" rel=\"noopener noreferrer\">www.fb.com\/servirbrasil<\/a>) da Frente Servir Brasil. Eles v\u00e3o ocorrer \u00e0s\u00a0quintas-feiras, a partir das 18h30.<\/div>\n<div><\/div>\n<div>\n<p>O calend\u00e1rio prosseguir\u00e1 at\u00e9 17 de dezembro, com outras quatro\u00a0transmiss\u00f5es ao vivo. Os convidados ser\u00e3o preferencialmente\u00a0parlamentares integrantes da Frente Parlamentar Mista Servir Brasil\u00a0(<a href=\"http:\/\/www.servirbrasil.org.br\/\" target=\"_blank\" rel=\"noopener noreferrer\">www.servirbrasil.org.br<\/a>), pesquisadores e economistas com expertise no\u00a0setor p\u00fablico.<\/p>\n<p><strong>PEC 32 e outras propostas legislativas<\/strong><br \/>\nNo Congresso Nacional tramitam propostas sugerindo altera\u00e7\u00f5es \u00e0 gest\u00e3o\u00a0de \u00f3rg\u00e3os das administra\u00e7\u00f5es diretas e indiretas e \u00e0s carreiras do\u00a0funcionalismo, casos das PECs 32\/2020; 186\/2019 e 188\/2019, e dos PLS\u00a0288\/2015; 375\/2018 e 116\/2017, por exemplo.<\/p>\n<\/div>\n<div><\/div>\n<div>&#8220;Somos uma Frente Parlamentar Mista plural, democr\u00e1tica e ativa, unida\u00a0pelo ideal de valoriza\u00e7\u00e3o do servi\u00e7o p\u00fablico brasileiro. Guiados pelos\u00a0princ\u00edpios da justi\u00e7a social, da transpar\u00eancia governamental e do\u00a0desenvolvimento sustent\u00e1vel do Estado, buscamos consolidar pol\u00edticas de\u00a0fortalecimento e, ao mesmo tempo, moderniza\u00e7\u00e3o da administra\u00e7\u00e3o p\u00fablica\u00a0no Brasil&#8221;, destacam os organizadores.\u00a0A Servir Brasil foi lan\u00e7ada em 2019, com o apoio formal de 235 deputados\u00a0federais e seis senadores da Rep\u00fablica. No Congresso Nacional, seus<br \/>\nmembros t\u00eam conduzido discuss\u00f5es e a\u00e7\u00f5es fundamentais para o servi\u00e7o\u00a0p\u00fablico.A Mesa Diretora da Servir Brasil \u00e9 composta pelos seguintes\u00a0parlamentares:<br \/>\n\u2022\u00a0 \u00a0 \u00a0 \u00a0Presidente: deputado Professor Israel Batista (PV-DF)<br \/>\n\u2022\u00a0 \u00a0 \u00a0 \u00a01\u00ba Vice-presidente: Weverton (PDT\/MA)<br \/>\n\u2022\u00a0 \u00a0 \u00a0 \u00a02\u00ba Vice-presidente: Randolfe Rodrigues (REDE\/AP)<br \/>\n\u2022\u00a0 \u00a0 \u00a0 \u00a0Secret\u00e1rio-geral: Andr\u00e9 Figueiredo (PDT\/CE)<br \/>\n\u2022\u00a0 \u00a0 \u00a0 \u00a0Coordenador para a Estabilidade: Paulo Teixeira (PT\/SP)<br \/>\n\u2022\u00a0 \u00a0 \u00a0 \u00a0Coordenador para Avalia\u00e7\u00e3o de Desempenho: F\u00e1bio Trad (PSD\/MS)<br \/>\n\u2022\u00a0 \u00a0 \u00a0 \u00a0Coordenador para Admiss\u00e3o de Pessoal: Marcelo Freixo (PSOL\/RJ)<\/div>\n","protected":false},"excerpt":{"rendered":"<p>A Frente Parlamentar Mista em Defesa do Servi\u00e7o P\u00fablico (Servir Brasil)\u00a0e a Frente Parlamentar Mista da Reforma Administrativa se re\u00fanem pela\u00a0primeira vez amanh\u00e3 (18), \u00e0s 15 horas, por teleconfer\u00eancia. \u00c9 um encontro hist\u00f3rico porque uma defende os servidores, a outra, o governo. Na quinta (19), \u00e0s 18h30, a Servir Brasil faz uma live para debater \u201cAvalia\u00e7\u00e3o de desempenho no servi\u00e7o [&hellip;]<\/p>\n","protected":false},"author":27,"featured_media":0,"comment_status":"open","ping_status":"closed","sticky":false,"template":"","format":"standard","meta":{"footnotes":""},"categories":[2719],"tags":[863,6475,2303,11845,1133,1941,18469,14768,1164,17341,18170,7816,15938,58,18468],"class_list":["post-18297","post","type-post","status-publish","format-standard","hentry","category-servidor","tag-avaliacao","tag-convidados","tag-desempenho","tag-desigualdades","tag-dialogo","tag-economistas","tag-frente-parlamentar-mista-da-reforma-administrativa","tag-frente-parlamentar-mista-em-defesa-do-servico-publico","tag-funcionalismo","tag-live","tag-pec-32-2020","tag-pesquisadores","tag-reforma-administrativa","tag-servidores","tag-servir-brasil"],"_links":{"self":[{"href":"https:\/\/blogs.correiobraziliense.com.br\/servidor\/wp-json\/wp\/v2\/posts\/18297","targetHints":{"allow":["GET"]}}],"collection":[{"href":"https:\/\/blogs.correiobraziliense.com.br\/servidor\/wp-json\/wp\/v2\/posts"}],"about":[{"href":"https:\/\/blogs.correiobraziliense.com.br\/servidor\/wp-json\/wp\/v2\/types\/post"}],"author":[{"embeddable":true,"href":"https:\/\/blogs.correiobraziliense.com.br\/servidor\/wp-json\/wp\/v2\/users\/27"}],"replies":[{"embeddable":true,"href":"https:\/\/blogs.correiobraziliense.com.br\/servidor\/wp-json\/wp\/v2\/comments?post=18297"}],"version-history":[{"count":5,"href":"https:\/\/blogs.correiobraziliense.com.br\/servidor\/wp-json\/wp\/v2\/posts\/18297\/revisions"}],"predecessor-version":[{"id":18302,"href":"https:\/\/blogs.correiobraziliense.com.br\/servidor\/wp-json\/wp\/v2\/posts\/18297\/revisions\/18302"}],"wp:attachment":[{"href":"https:\/\/blogs.correiobraziliense.com.br\/servidor\/wp-json\/wp\/v2\/media?parent=18297"}],"wp:term":[{"taxonomy":"category","embeddable":true,"href":"https:\/\/blogs.correiobraziliense.com.br\/servidor\/wp-json\/wp\/v2\/categories?post=18297"},{"taxonomy":"post_tag","embeddable":true,"href":"https:\/\/blogs.correiobraziliense.com.br\/servidor\/wp-json\/wp\/v2\/tags?post=18297"}],"curies":[{"name":"wp","href":"https:\/\/api.w.org\/{rel}","templated":true}]}}