{"id":18290,"date":"2020-11-16T14:57:24","date_gmt":"2020-11-16T17:57:24","guid":{"rendered":"https:\/\/blogs.correiobraziliense.com.br\/servidor\/?p=18290"},"modified":"2020-11-16T14:57:24","modified_gmt":"2020-11-16T17:57:24","slug":"e-rodrigo-maia-e-nao-paulo-guedes-quem-deve-decidir-sobre-suspensao-da-reforma-administrativa-decide-stf","status":"publish","type":"post","link":"https:\/\/blogs.correiobraziliense.com.br\/servidor\/e-rodrigo-maia-e-nao-paulo-guedes-quem-deve-decidir-sobre-suspensao-da-reforma-administrativa-decide-stf\/","title":{"rendered":"\u00c9 Rodrigo Maia, e n\u00e3o Paulo Guedes, quem deve decidir sobre suspens\u00e3o da reforma administrativa, decide STF"},"content":{"rendered":"<p><em><strong>De acordo com o ministro Marco Aurelio, do Supremo Tribunal Federal (STF), \u00e9 o presidente da C\u00e2mara dos Deputados, Rodrigo Maia (DEM\/RJ), a quem cabe &#8211; se desejar &#8211; suspender a tramita\u00e7\u00e3o da PEC 32\/2020 que trata da reforma administrativa. A decis\u00e3o tamb\u00e9m excluiu o ministro Paulo Guedes da demanda<\/strong><\/em><\/p>\n<p>O Supremo Tribunal Federal (STF) decidiu sobre o Mandado de Seguran\u00e7a 37488, impetrado para requerer a imediata suspens\u00e3o da tramita\u00e7\u00e3o da Proposta de Emenda \u00e0 Constitui\u00e7\u00e3o (PEC) 32\/2020, que trata da reforma administrativa. No documento, parlamentares solicitavam ao Minist\u00e9rio da Economia a divulga\u00e7\u00e3o dos dados que subsidiaram a elabora\u00e7\u00e3o da PEC 32.<\/p>\n<p>&#8220;Ante o artigo 102, inciso I, al\u00edneas \u201cd\u201d e \u201cr\u201d, da Constitui\u00e7\u00e3o\u00a0Federal, limito o exame da impetra\u00e7\u00e3o ao ato do Presidente da Mesa\u00a0Diretora da C\u00e2mara dos Deputados. Retifiquem a autua\u00e7\u00e3o, para excluir,\u00a0do polo passivo, o Ministro de Estado da Economia&#8221;, detalha o ministro.<\/p>\n<p>O MS foi impetrado por membros da Frente Parlamentar Mista em Defesa do Servi\u00e7o P\u00fablico (Servir Brasil), com o apoio da assessoria jur\u00eddica do F\u00f3rum das Carreiras de Estado (Fonacate), no \u00faltimo dia 21 de outubro.<\/p>\n<p>Para Larissa Benevides, assessora jur\u00eddica do Fonacate, \u201ca exclus\u00e3o do ministro Paulo Guedes como autoridade coatora n\u00e3o foi devidamente fundamentada. Foi apenas mencionada a hip\u00f3tese de cabimento gen\u00e9rica de a\u00e7\u00e3o origin\u00e1ria no Supremo Tribunal Federal. De todo modo, esse entendimento n\u00e3o traz preju\u00edzos ao pedido feito\u201d.<\/p>\n<p>\u201cEsperamos que o presidente da C\u00e2mara liberte-se de sua subservi\u00eancia ao governo Bolsonaro e pare de convalidar propostas inconsistentes como essa\u201d, afirmou o presidente do Fonacate e do Unacon Sindical, Rudinei Marques.<\/p>\n<p>Leia a <a href=\"https:\/\/fonacate.org.br\/wp-content\/uploads\/2020\/11\/Decisa%CC%83o-MS-37488.pdf\">decis\u00e3o do STF<\/a>.<\/p>\n","protected":false},"excerpt":{"rendered":"<p>De acordo com o ministro Marco Aurelio, do Supremo Tribunal Federal (STF), \u00e9 o presidente da C\u00e2mara dos Deputados, Rodrigo Maia (DEM\/RJ), a quem cabe &#8211; se desejar &#8211; suspender a tramita\u00e7\u00e3o da PEC 32\/2020 que trata da reforma administrativa. A decis\u00e3o tamb\u00e9m excluiu o ministro Paulo Guedes da demanda O Supremo Tribunal Federal (STF) decidiu sobre o Mandado de [&hellip;]<\/p>\n","protected":false},"author":27,"featured_media":0,"comment_status":"open","ping_status":"closed","sticky":false,"template":"","format":"standard","meta":{"footnotes":""},"categories":[2719],"tags":[1531,167,82,14327,268,14501,18170,15938,3846],"class_list":["post-18290","post","type-post","status-publish","format-standard","hentry","category-servidor","tag-camara-dos-deputados","tag-dados","tag-fonacate","tag-ministerio-da-economia","tag-parlamentares","tag-paulo-guedes","tag-pec-32-2020","tag-reforma-administrativa","tag-rodrigo-maia"],"_links":{"self":[{"href":"https:\/\/blogs.correiobraziliense.com.br\/servidor\/wp-json\/wp\/v2\/posts\/18290","targetHints":{"allow":["GET"]}}],"collection":[{"href":"https:\/\/blogs.correiobraziliense.com.br\/servidor\/wp-json\/wp\/v2\/posts"}],"about":[{"href":"https:\/\/blogs.correiobraziliense.com.br\/servidor\/wp-json\/wp\/v2\/types\/post"}],"author":[{"embeddable":true,"href":"https:\/\/blogs.correiobraziliense.com.br\/servidor\/wp-json\/wp\/v2\/users\/27"}],"replies":[{"embeddable":true,"href":"https:\/\/blogs.correiobraziliense.com.br\/servidor\/wp-json\/wp\/v2\/comments?post=18290"}],"version-history":[{"count":1,"href":"https:\/\/blogs.correiobraziliense.com.br\/servidor\/wp-json\/wp\/v2\/posts\/18290\/revisions"}],"predecessor-version":[{"id":18291,"href":"https:\/\/blogs.correiobraziliense.com.br\/servidor\/wp-json\/wp\/v2\/posts\/18290\/revisions\/18291"}],"wp:attachment":[{"href":"https:\/\/blogs.correiobraziliense.com.br\/servidor\/wp-json\/wp\/v2\/media?parent=18290"}],"wp:term":[{"taxonomy":"category","embeddable":true,"href":"https:\/\/blogs.correiobraziliense.com.br\/servidor\/wp-json\/wp\/v2\/categories?post=18290"},{"taxonomy":"post_tag","embeddable":true,"href":"https:\/\/blogs.correiobraziliense.com.br\/servidor\/wp-json\/wp\/v2\/tags?post=18290"}],"curies":[{"name":"wp","href":"https:\/\/api.w.org\/{rel}","templated":true}]}}