{"id":18279,"date":"2020-11-13T13:27:13","date_gmt":"2020-11-13T16:27:13","guid":{"rendered":"https:\/\/blogs.correiobraziliense.com.br\/servidor\/?p=18279"},"modified":"2020-11-13T13:27:13","modified_gmt":"2020-11-13T16:27:13","slug":"sete-algarismos-que-mudam-cidades","status":"publish","type":"post","link":"https:\/\/blogs.correiobraziliense.com.br\/servidor\/sete-algarismos-que-mudam-cidades\/","title":{"rendered":"Sete algarismos que mudam cidades"},"content":{"rendered":"<p><em><strong>&#8220;O\u00a0protagonista deste pleito \u00e9 voc\u00ea, eleitor.\u00a0Est\u00e1 em sua m\u00e3o a arma do povo contra o arb\u00edtrio, a desigualdade, o desalento, o desemprego, esse documento em papel ou digital emitido pelas autoridades eleitorais: o t\u00edtulo&#8221;<\/strong><\/em><\/p>\n<p><em><strong>Vilson Antonio Romero*<\/strong><\/em><\/p>\n<p>A cada quatro anos, em per\u00edodos pr\u00e9-eleitorais, o dramaturgo e poeta alem\u00e3o Eugen Bertholt Friedrich Brecht (1898-1956) \u00e9 lembrado por seu texto intitulado \u201cAnalfabeto Pol\u00edtico\u201d.<\/p>\n<p>No pr\u00f3ximo domingo, devemos todos mitigar este estere\u00f3tipo, comparecendo \u00e0s zonas eleitorais, empunhando nossa arma em defesa da democracia: o t\u00edtulo de eleitor.<\/p>\n<p>Somos mais de 147 milh\u00f5es de brasileiros, sendo a maioria do sexo feminino (52,49%), com um compromisso fundamental neste 15 de novembro: decidir quem vai comandar pol\u00edtica e administrativamente os destinos de cada um dos 5.570 munic\u00edpios brasileiros nos pr\u00f3ximos quatro anos.<\/p>\n<p>S\u00e3o mais de 517 mil candidatos em todo o pa\u00eds querendo o seu voto, segundo o Tribunal Superior Eleitoral (TSE), num recorde de concorrentes aos 5.570 cargos de prefeitos, 5.570 de vice-prefeitos e 56,6 mil mandatos de vereadores ocupantes das C\u00e2maras Municipais.<\/p>\n<p>Em 95 munic\u00edpios com mais de 200 mil habitantes poderemos ter um segundo turno na vota\u00e7\u00e3o para a prefeitura em 29 de novembro.<\/p>\n<p>Mas o protagonista deste pleito \u00e9 voc\u00ea, eleitor. Ao digitar os sete algarismos (dois para prefeito e cinco para vereador) na urna eletr\u00f4nica, voc\u00ea pode abrir a porta para a mudan\u00e7a, para a melhoria de condi\u00e7\u00f5es de vida na sua cidade, onde voc\u00ea reside, onde est\u00e3o os seus familiares e amigos.<\/p>\n<p>Voc\u00ea pode contribuir com seu voto para preservar ou melhorar a qualidade dos servi\u00e7os p\u00fablicos, garantir liberdade, democracia, cidadania, enfim.<\/p>\n<p>Est\u00e1 em sua m\u00e3o a arma do povo contra o arb\u00edtrio, a desigualdade, o desalento, o desemprego, esse documento em papel ou digital emitido pelas autoridades eleitorais: o t\u00edtulo.<\/p>\n<p>Voc\u00ea, eleitor, vai decidir aqueles que, a partir de janeiro de 2021, estar\u00e3o \u00e0 frente da gest\u00e3o dos munic\u00edpios brasileiros, cuidando da ilumina\u00e7\u00e3o p\u00fablica, do recolhimento de lixo, do ensino infantil e fundamental, do transporte coletivo, das pra\u00e7as e parques, conservando ruas, avenidas, becos e vielas de nossas cidades Brasil afora.<\/p>\n<p>Assuma seu papel de agente da mudan\u00e7a, para que n\u00e3o tenhamos que entoar o que sacramentou, atrav\u00e9s dos s\u00e9culos, Bertholt Brecht: \u201cO pior analfabeto \u00e9 o analfabeto pol\u00edtico.\/Ele n\u00e3o ouve, n\u00e3o fala, nem participa dos acontecimentos pol\u00edticos.\/Ele n\u00e3o sabe que o custo de vida, o pre\u00e7o do feij\u00e3o, do peixe, da farinha,\/do aluguel, do sapato e do rem\u00e9dio dependem das decis\u00f5es pol\u00edticas.\/O analfabeto pol\u00edtico \u00e9 t\u00e3o burro que se orgulha\/e estufa o peito dizendo que odeia a pol\u00edtica.\/N\u00e3o sabe o imbecil que da sua ignor\u00e2ncia pol\u00edtica\/nasce a prostituta, o menor abandonado\/e o pior de todos os bandidos,\/que \u00e9 o pol\u00edtico vigarista, pilantra,\/corrupto e lacaio das empresas\/nacionais e multinacionais.\u201d<\/p>\n<p>Vote certo. Vote bem!<\/p>\n<p><em>*Vilson Antonio Romero<\/em> &#8211; Jornalista e auditor fiscal aposentado, conselheiro da Associa\u00e7\u00e3o Brasileira de Imprensa (ABI) e ex-presidente da Anfip<\/p>\n","protected":false},"excerpt":{"rendered":"<p>&#8220;O\u00a0protagonista deste pleito \u00e9 voc\u00ea, eleitor.\u00a0Est\u00e1 em sua m\u00e3o a arma do povo contra o arb\u00edtrio, a desigualdade, o desalento, o desemprego, esse documento em papel ou digital emitido pelas autoridades eleitorais: o t\u00edtulo&#8221; Vilson Antonio Romero* A cada quatro anos, em per\u00edodos pr\u00e9-eleitorais, o dramaturgo e poeta alem\u00e3o Eugen Bertholt Friedrich Brecht (1898-1956) \u00e9 lembrado por seu texto intitulado [&hellip;]<\/p>\n","protected":false},"author":27,"featured_media":0,"comment_status":"open","ping_status":"closed","sticky":false,"template":"","format":"standard","meta":{"footnotes":""},"categories":[2719],"tags":[18461,10392,7152,6518,4053,17442,2293,6115,804,13033,11526,3687,3452,1047,3105],"class_list":["post-18279","post","type-post","status-publish","format-standard","hentry","category-servidor","tag-algarismo","tag-arbitrio","tag-arma","tag-cidades","tag-democracia","tag-desalento","tag-desemprego","tag-desigualdade","tag-documento","tag-eleitor","tag-eleitores","tag-prefeitos","tag-titulo","tag-vereadores","tag-zonas"],"_links":{"self":[{"href":"https:\/\/blogs.correiobraziliense.com.br\/servidor\/wp-json\/wp\/v2\/posts\/18279","targetHints":{"allow":["GET"]}}],"collection":[{"href":"https:\/\/blogs.correiobraziliense.com.br\/servidor\/wp-json\/wp\/v2\/posts"}],"about":[{"href":"https:\/\/blogs.correiobraziliense.com.br\/servidor\/wp-json\/wp\/v2\/types\/post"}],"author":[{"embeddable":true,"href":"https:\/\/blogs.correiobraziliense.com.br\/servidor\/wp-json\/wp\/v2\/users\/27"}],"replies":[{"embeddable":true,"href":"https:\/\/blogs.correiobraziliense.com.br\/servidor\/wp-json\/wp\/v2\/comments?post=18279"}],"version-history":[{"count":1,"href":"https:\/\/blogs.correiobraziliense.com.br\/servidor\/wp-json\/wp\/v2\/posts\/18279\/revisions"}],"predecessor-version":[{"id":18280,"href":"https:\/\/blogs.correiobraziliense.com.br\/servidor\/wp-json\/wp\/v2\/posts\/18279\/revisions\/18280"}],"wp:attachment":[{"href":"https:\/\/blogs.correiobraziliense.com.br\/servidor\/wp-json\/wp\/v2\/media?parent=18279"}],"wp:term":[{"taxonomy":"category","embeddable":true,"href":"https:\/\/blogs.correiobraziliense.com.br\/servidor\/wp-json\/wp\/v2\/categories?post=18279"},{"taxonomy":"post_tag","embeddable":true,"href":"https:\/\/blogs.correiobraziliense.com.br\/servidor\/wp-json\/wp\/v2\/tags?post=18279"}],"curies":[{"name":"wp","href":"https:\/\/api.w.org\/{rel}","templated":true}]}}