{"id":18275,"date":"2020-11-12T20:28:44","date_gmt":"2020-11-12T23:28:44","guid":{"rendered":"https:\/\/blogs.correiobraziliense.com.br\/servidor\/?p=18275"},"modified":"2020-11-12T20:28:44","modified_gmt":"2020-11-12T23:28:44","slug":"sem-argumentos-para-justificar-privatizacoes-ministro-agora-recorre-a-hiperinflacao","status":"publish","type":"post","link":"https:\/\/blogs.correiobraziliense.com.br\/servidor\/sem-argumentos-para-justificar-privatizacoes-ministro-agora-recorre-a-hiperinflacao\/","title":{"rendered":"Sem argumentos para justificar privatiza\u00e7\u00f5es, ministro agora recorre \u00e0 hiperinfla\u00e7\u00e3o"},"content":{"rendered":"<p><em><strong>&#8220;Os brasileiros n\u00e3o podem ver seu patrim\u00f4nio vendido a pre\u00e7o vil para empresas estrangeiras, enriquecendo banqueiros e intermedi\u00e1rios \u00e0 custa do empobrecimento da popula\u00e7\u00e3o e da piora nos servi\u00e7os. Chega de apag\u00f5es!&#8221;<\/strong><\/em><\/p>\n<p><em><strong>Marcos C\u00e9sar Alves Silva*<\/strong><\/em><\/p>\n<p>Incapaz de justificar sua inten\u00e7\u00e3o de privatizar estatais, o ministro da Economia agora tira da cartola o argumento de risco de hiperinfla\u00e7\u00e3o. J\u00e1 acostumado \u00e0s declara\u00e7\u00f5es espalhafatosas e desencontradas do ministro, o mercado n\u00e3o deu aten\u00e7\u00e3o e seguiu seu rumo.<\/p>\n<p>Com rela\u00e7\u00e3o \u00e0 tem\u00e1tica das privatiza\u00e7\u00f5es, o ministro continua incluindo os Correios no rol de estatais a serem privatizadas, apesar de n\u00e3o haver nenhum estudo que aponte raz\u00f5es ou a necessidade desse movimento. Pelo contr\u00e1rio, o que a \u00faltima experi\u00eancia de privatiza\u00e7\u00e3o de correio ocorrida no mundo indica \u00e9 que a popula\u00e7\u00e3o acaba penalizada, com aumento de pre\u00e7os e precariza\u00e7\u00e3o do atendimento. N\u00e3o \u00e9 \u00e0 toa que os portugueses est\u00e3o cobrando do governo a renacionaliza\u00e7\u00e3o de seu correio.<\/p>\n<p>Insistir na acelera\u00e7\u00e3o da privatiza\u00e7\u00e3o dos Correios \u00e9 um duplo erro do governo, pois estamos num momento em que, por um lado, falta dinheiro no mercado, e por outro se abrem boas perspectivas para a Empresa com o crescimento do e-commerce, por exemplo. Muito mais consistente seria aproveitar a infraestrutura dos Correios para apoiar as pequenas e m\u00e9dias empresas que precisam migrar para o com\u00e9rcio eletr\u00f4nico e utilizar a capilaridade da Empresa para levar servi\u00e7os p\u00fablicos para mais perto dos cidad\u00e3os.<\/p>\n<p>Os brasileiros n\u00e3o podem ver seu patrim\u00f4nio vendido a pre\u00e7o vil para empresas estrangeiras, enriquecendo banqueiros e intermedi\u00e1rios \u00e0 custa do empobrecimento da popula\u00e7\u00e3o e da piora nos servi\u00e7os. Chega de apag\u00f5es!<\/p>\n<p><em>*Marcos C\u00e9sar Alves Silva<\/em> &#8211;\u00a0Vice-presidente da\u00a0Associa\u00e7\u00e3o dos Profissionais dos Correios (ADCAP)<\/p>\n","protected":false},"excerpt":{"rendered":"<p>&#8220;Os brasileiros n\u00e3o podem ver seu patrim\u00f4nio vendido a pre\u00e7o vil para empresas estrangeiras, enriquecendo banqueiros e intermedi\u00e1rios \u00e0 custa do empobrecimento da popula\u00e7\u00e3o e da piora nos servi\u00e7os. Chega de apag\u00f5es!&#8221; Marcos C\u00e9sar Alves Silva* Incapaz de justificar sua inten\u00e7\u00e3o de privatizar estatais, o ministro da Economia agora tira da cartola o argumento de risco de hiperinfla\u00e7\u00e3o. J\u00e1 acostumado [&hellip;]<\/p>\n","protected":false},"author":27,"featured_media":0,"comment_status":"open","ping_status":"closed","sticky":false,"template":"","format":"standard","meta":{"footnotes":""},"categories":[2719],"tags":[3668,20,88,390,4791,35,545,1001,1379],"class_list":["post-18275","post","type-post","status-publish","format-standard","hentry","category-servidor","tag-banqueiros","tag-correios","tag-economia","tag-empresas","tag-estrangeiras","tag-ministro","tag-populacao","tag-privatizacao","tag-servicos"],"_links":{"self":[{"href":"https:\/\/blogs.correiobraziliense.com.br\/servidor\/wp-json\/wp\/v2\/posts\/18275","targetHints":{"allow":["GET"]}}],"collection":[{"href":"https:\/\/blogs.correiobraziliense.com.br\/servidor\/wp-json\/wp\/v2\/posts"}],"about":[{"href":"https:\/\/blogs.correiobraziliense.com.br\/servidor\/wp-json\/wp\/v2\/types\/post"}],"author":[{"embeddable":true,"href":"https:\/\/blogs.correiobraziliense.com.br\/servidor\/wp-json\/wp\/v2\/users\/27"}],"replies":[{"embeddable":true,"href":"https:\/\/blogs.correiobraziliense.com.br\/servidor\/wp-json\/wp\/v2\/comments?post=18275"}],"version-history":[{"count":1,"href":"https:\/\/blogs.correiobraziliense.com.br\/servidor\/wp-json\/wp\/v2\/posts\/18275\/revisions"}],"predecessor-version":[{"id":18276,"href":"https:\/\/blogs.correiobraziliense.com.br\/servidor\/wp-json\/wp\/v2\/posts\/18275\/revisions\/18276"}],"wp:attachment":[{"href":"https:\/\/blogs.correiobraziliense.com.br\/servidor\/wp-json\/wp\/v2\/media?parent=18275"}],"wp:term":[{"taxonomy":"category","embeddable":true,"href":"https:\/\/blogs.correiobraziliense.com.br\/servidor\/wp-json\/wp\/v2\/categories?post=18275"},{"taxonomy":"post_tag","embeddable":true,"href":"https:\/\/blogs.correiobraziliense.com.br\/servidor\/wp-json\/wp\/v2\/tags?post=18275"}],"curies":[{"name":"wp","href":"https:\/\/api.w.org\/{rel}","templated":true}]}}