{"id":18255,"date":"2020-11-09T21:26:15","date_gmt":"2020-11-10T00:26:15","guid":{"rendered":"https:\/\/blogs.correiobraziliense.com.br\/servidor\/?p=18255"},"modified":"2020-11-09T21:26:15","modified_gmt":"2020-11-10T00:26:15","slug":"enap-discute-inovacao-em-governo-com-especialistas-do-mundo-inteiro","status":"publish","type":"post","link":"https:\/\/blogs.correiobraziliense.com.br\/servidor\/enap-discute-inovacao-em-governo-com-especialistas-do-mundo-inteiro\/","title":{"rendered":"Enap discute inova\u00e7\u00e3o em governo com especialistas do mundo inteiro"},"content":{"rendered":"<p>A Semana de Inova\u00e7\u00e3o de 2020, na sexta edi\u00e7\u00e3o, acontece de forma online entre os dias 16 a 19 de novembro de 2020. Considerado o\u00a0maior evento de inova\u00e7\u00e3o em governo da Am\u00e9rica Latina, tem esse ano o tema &#8220;que novos futuros queremos construir?&#8221;<\/p>\n<p>Em formato online, o evento ir\u00e1 reunir pensadores fundamentais para o momento que vivemos. Juntos, refletir\u00e3o sobre o que deixar para tr\u00e1s, o que\u00a0 manter e o que fazer diferente para (Re)imaginar e construir futuros. A confer\u00eancia deste ano espera reunir aproximadamente 100 mil inovadores em governo. Ser\u00e3o mais de 150 palestrantes durante quatro dias de atividades, mais de 100 institui\u00e7\u00f5es envolvidas e 200 horas de programa\u00e7\u00e3o entre palestras, oficinas, mesas redondas, cursos, sess\u00f5es on-demand e diversas outras atra\u00e7\u00f5es.<\/p>\n<p>O evento \u00e9 uma realiza\u00e7\u00e3o da Escola Nacional de Administra\u00e7\u00e3o P\u00fablica (Enap), do Minist\u00e9rio da Economia, do Tribunal de Contas da Uni\u00e3o (TCU) e da Faculdade LatinoAmericana de Ci\u00eancias Sociais (Flacso), com o apoio e a participa\u00e7\u00e3o de diversas institui\u00e7\u00f5es do Governo Federal, al\u00e9m de organismos internacionais, grupos da sociedade civil, e representantes do setor privado.<\/p>\n","protected":false},"excerpt":{"rendered":"<p>A Semana de Inova\u00e7\u00e3o de 2020, na sexta edi\u00e7\u00e3o, acontece de forma online entre os dias 16 a 19 de novembro de 2020. Considerado o\u00a0maior evento de inova\u00e7\u00e3o em governo da Am\u00e9rica Latina, tem esse ano o tema &#8220;que novos futuros queremos construir?&#8221; Em formato online, o evento ir\u00e1 reunir pensadores fundamentais para o momento que vivemos. Juntos, refletir\u00e3o sobre [&hellip;]<\/p>\n","protected":false},"author":27,"featured_media":0,"comment_status":"open","ping_status":"closed","sticky":false,"template":"","format":"standard","meta":{"footnotes":""},"categories":[2719],"tags":[],"class_list":["post-18255","post","type-post","status-publish","format-standard","hentry","category-servidor"],"_links":{"self":[{"href":"https:\/\/blogs.correiobraziliense.com.br\/servidor\/wp-json\/wp\/v2\/posts\/18255","targetHints":{"allow":["GET"]}}],"collection":[{"href":"https:\/\/blogs.correiobraziliense.com.br\/servidor\/wp-json\/wp\/v2\/posts"}],"about":[{"href":"https:\/\/blogs.correiobraziliense.com.br\/servidor\/wp-json\/wp\/v2\/types\/post"}],"author":[{"embeddable":true,"href":"https:\/\/blogs.correiobraziliense.com.br\/servidor\/wp-json\/wp\/v2\/users\/27"}],"replies":[{"embeddable":true,"href":"https:\/\/blogs.correiobraziliense.com.br\/servidor\/wp-json\/wp\/v2\/comments?post=18255"}],"version-history":[{"count":1,"href":"https:\/\/blogs.correiobraziliense.com.br\/servidor\/wp-json\/wp\/v2\/posts\/18255\/revisions"}],"predecessor-version":[{"id":18256,"href":"https:\/\/blogs.correiobraziliense.com.br\/servidor\/wp-json\/wp\/v2\/posts\/18255\/revisions\/18256"}],"wp:attachment":[{"href":"https:\/\/blogs.correiobraziliense.com.br\/servidor\/wp-json\/wp\/v2\/media?parent=18255"}],"wp:term":[{"taxonomy":"category","embeddable":true,"href":"https:\/\/blogs.correiobraziliense.com.br\/servidor\/wp-json\/wp\/v2\/categories?post=18255"},{"taxonomy":"post_tag","embeddable":true,"href":"https:\/\/blogs.correiobraziliense.com.br\/servidor\/wp-json\/wp\/v2\/tags?post=18255"}],"curies":[{"name":"wp","href":"https:\/\/api.w.org\/{rel}","templated":true}]}}