{"id":18241,"date":"2020-11-05T22:29:34","date_gmt":"2020-11-06T01:29:34","guid":{"rendered":"https:\/\/blogs.correiobraziliense.com.br\/servidor\/?p=18241"},"modified":"2020-11-05T22:29:34","modified_gmt":"2020-11-06T01:29:34","slug":"idp-fara-a-v-jornada-de-debates-sobre-a-reforma-administrativa","status":"publish","type":"post","link":"https:\/\/blogs.correiobraziliense.com.br\/servidor\/idp-fara-a-v-jornada-de-debates-sobre-a-reforma-administrativa\/","title":{"rendered":"IDP far\u00e1 a V Jornada de Debates sobre a Reforma Administrativa"},"content":{"rendered":"<p><em><strong>O Instituto Brasiliense de Direito P\u00fablico (IDP) far\u00e1, nessa sexta-feira (05\/11), \u00e0s 10 horas, a V Jornada de Debates Sobre a Reforma Administrativa, com o tema Avalia\u00e7\u00e3o de Desempenho no Servi\u00e7o P\u00fablico<\/strong><\/em><\/p>\n<p><img loading=\"lazy\" decoding=\"async\" class=\"alignright size-large wp-image-18242\" src=\"https:\/\/blogs.correiobraziliense.com.br\/servidor\/wp-content\/uploads\/sites\/10\/2020\/11\/IDP-JORNADA-1024x1024.jpg\" alt=\"\" width=\"1024\" height=\"1024\" srcset=\"https:\/\/blogs.correiobraziliense.com.br\/servidor\/wp-content\/uploads\/sites\/10\/2020\/11\/IDP-JORNADA-1024x1024.jpg 1024w, https:\/\/blogs.correiobraziliense.com.br\/servidor\/wp-content\/uploads\/sites\/10\/2020\/11\/IDP-JORNADA-150x150.jpg 150w, https:\/\/blogs.correiobraziliense.com.br\/servidor\/wp-content\/uploads\/sites\/10\/2020\/11\/IDP-JORNADA-300x300.jpg 300w, https:\/\/blogs.correiobraziliense.com.br\/servidor\/wp-content\/uploads\/sites\/10\/2020\/11\/IDP-JORNADA-768x768.jpg 768w, https:\/\/blogs.correiobraziliense.com.br\/servidor\/wp-content\/uploads\/sites\/10\/2020\/11\/IDP-JORNADA-800x800.jpg 800w, https:\/\/blogs.correiobraziliense.com.br\/servidor\/wp-content\/uploads\/sites\/10\/2020\/11\/IDP-JORNADA-550x550.jpg 550w, https:\/\/blogs.correiobraziliense.com.br\/servidor\/wp-content\/uploads\/sites\/10\/2020\/11\/IDP-JORNADA-230x230.jpg 230w, https:\/\/blogs.correiobraziliense.com.br\/servidor\/wp-content\/uploads\/sites\/10\/2020\/11\/IDP-JORNADA.jpg 1080w\" sizes=\"auto, (max-width: 1024px) 100vw, 1024px\" \/><\/p>\n<p>H\u00e1 20 anos o IDP \u00e9 um centro de excel\u00eancia no ensino, pesquisas e debate nas \u00e1reas do Direito, Administra\u00e7\u00e3o P\u00fablica e Economia, que produz e difunde conhecimento de assuntos estrat\u00e9gicos nas \u00e1reas em que atua, consolidando-se como um think tank independente que visa contribuir para as transforma\u00e7\u00f5es sociais, pol\u00edticas e econ\u00f4micas do Brasil.O IDP oferece ensino e pesquisa de excel\u00eancia por meio de cursos de gradua\u00e7\u00e3o, especializa\u00e7\u00f5es, mestrados e doutorado.<\/p>\n<p>&nbsp;<\/p>\n","protected":false},"excerpt":{"rendered":"<p>O Instituto Brasiliense de Direito P\u00fablico (IDP) far\u00e1, nessa sexta-feira (05\/11), \u00e0s 10 horas, a V Jornada de Debates Sobre a Reforma Administrativa, com o tema Avalia\u00e7\u00e3o de Desempenho no Servi\u00e7o P\u00fablico H\u00e1 20 anos o IDP \u00e9 um centro de excel\u00eancia no ensino, pesquisas e debate nas \u00e1reas do Direito, Administra\u00e7\u00e3o P\u00fablica e Economia, que produz e difunde conhecimento [&hellip;]<\/p>\n","protected":false},"author":27,"featured_media":0,"comment_status":"open","ping_status":"closed","sticky":false,"template":"","format":"standard","meta":{"footnotes":""},"categories":[2719],"tags":[863,2303,18172,1623,15938,575,58],"class_list":["post-18241","post","type-post","status-publish","format-standard","hentry","category-servidor","tag-avaliacao","tag-desempenho","tag-idp","tag-jornada","tag-reforma-administrativa","tag-servico-publico","tag-servidores"],"_links":{"self":[{"href":"https:\/\/blogs.correiobraziliense.com.br\/servidor\/wp-json\/wp\/v2\/posts\/18241","targetHints":{"allow":["GET"]}}],"collection":[{"href":"https:\/\/blogs.correiobraziliense.com.br\/servidor\/wp-json\/wp\/v2\/posts"}],"about":[{"href":"https:\/\/blogs.correiobraziliense.com.br\/servidor\/wp-json\/wp\/v2\/types\/post"}],"author":[{"embeddable":true,"href":"https:\/\/blogs.correiobraziliense.com.br\/servidor\/wp-json\/wp\/v2\/users\/27"}],"replies":[{"embeddable":true,"href":"https:\/\/blogs.correiobraziliense.com.br\/servidor\/wp-json\/wp\/v2\/comments?post=18241"}],"version-history":[{"count":1,"href":"https:\/\/blogs.correiobraziliense.com.br\/servidor\/wp-json\/wp\/v2\/posts\/18241\/revisions"}],"predecessor-version":[{"id":18243,"href":"https:\/\/blogs.correiobraziliense.com.br\/servidor\/wp-json\/wp\/v2\/posts\/18241\/revisions\/18243"}],"wp:attachment":[{"href":"https:\/\/blogs.correiobraziliense.com.br\/servidor\/wp-json\/wp\/v2\/media?parent=18241"}],"wp:term":[{"taxonomy":"category","embeddable":true,"href":"https:\/\/blogs.correiobraziliense.com.br\/servidor\/wp-json\/wp\/v2\/categories?post=18241"},{"taxonomy":"post_tag","embeddable":true,"href":"https:\/\/blogs.correiobraziliense.com.br\/servidor\/wp-json\/wp\/v2\/tags?post=18241"}],"curies":[{"name":"wp","href":"https:\/\/api.w.org\/{rel}","templated":true}]}}