{"id":18230,"date":"2020-11-04T15:39:48","date_gmt":"2020-11-04T18:39:48","guid":{"rendered":"https:\/\/blogs.correiobraziliense.com.br\/servidor\/?p=18230"},"modified":"2020-11-04T15:40:41","modified_gmt":"2020-11-04T18:40:41","slug":"servidores-explicam-porque-nao-vao-debater-reforma-administrativa-com-o-governo","status":"publish","type":"post","link":"https:\/\/blogs.correiobraziliense.com.br\/servidor\/servidores-explicam-porque-nao-vao-debater-reforma-administrativa-com-o-governo\/","title":{"rendered":"Servidores explicam porque n\u00e3o v\u00e3o debater reforma administrativa com o governo"},"content":{"rendered":"<p><em><strong>O funcionalismo definiu o convite para o debate como &#8220;uma armadilha do governo para dizer \u00e0 opini\u00e3o p\u00fablica que est\u00e1 dialogando sobre pontos da reforma com todos os setores afetados, mas \u00e9 tudo um teatro&#8221;, informa o F\u00f3rum das Entidades Nacionais dos Servidores P\u00fablicos Federais (Fonasefe)<\/strong><\/em><\/p>\n<p><img loading=\"lazy\" decoding=\"async\" class=\"alignright size-full wp-image-18231\" src=\"https:\/\/blogs.correiobraziliense.com.br\/servidor\/wp-content\/uploads\/sites\/10\/2020\/11\/FONASEFE.jpg\" alt=\"\" width=\"900\" height=\"900\" srcset=\"https:\/\/blogs.correiobraziliense.com.br\/servidor\/wp-content\/uploads\/sites\/10\/2020\/11\/FONASEFE.jpg 900w, https:\/\/blogs.correiobraziliense.com.br\/servidor\/wp-content\/uploads\/sites\/10\/2020\/11\/FONASEFE-150x150.jpg 150w, https:\/\/blogs.correiobraziliense.com.br\/servidor\/wp-content\/uploads\/sites\/10\/2020\/11\/FONASEFE-300x300.jpg 300w, https:\/\/blogs.correiobraziliense.com.br\/servidor\/wp-content\/uploads\/sites\/10\/2020\/11\/FONASEFE-768x768.jpg 768w, https:\/\/blogs.correiobraziliense.com.br\/servidor\/wp-content\/uploads\/sites\/10\/2020\/11\/FONASEFE-800x800.jpg 800w, https:\/\/blogs.correiobraziliense.com.br\/servidor\/wp-content\/uploads\/sites\/10\/2020\/11\/FONASEFE-550x550.jpg 550w, https:\/\/blogs.correiobraziliense.com.br\/servidor\/wp-content\/uploads\/sites\/10\/2020\/11\/FONASEFE-230x230.jpg 230w\" sizes=\"auto, (max-width: 900px) 100vw, 900px\" \/><\/p>\n<p>Nessa quinta-feira, \u00e0s 15h30, mesmo hor\u00e1rio em que deveriam estar no Minist\u00e9rio da Economia, as entidades do Fonasefe v\u00e3o explicar o motivo da recusa pelas redes sociais, no link\u00a0<a href=\"https:\/\/us02web.zoom.us\/j\/84096407544?pwd=Z2ppZXRvUVRHWmhuM1l4YWpZNXpWZz09\">https:\/\/us02web.zoom.us\/j\/84096407544?pwd=Z2ppZXRvUVRHWmhuM1l4YWpZNXpWZz09<\/a><\/p>\n<p>Veja a nota do Fonasefe:<\/p>\n<p>&#8220;O governo Bolsonaro quer aprovar a reforma administrativa, que acaba com os concursos p\u00fablicos, a estabilidade no emprego dos servidores e amplia a privatiza\u00e7\u00e3o e terceiriza\u00e7\u00e3o dos servi\u00e7os p\u00fablicos. Est\u00e1 aberto o caminho para a destrui\u00e7\u00e3o desses servi\u00e7os. Para fazer isso, lan\u00e7ou a Proposta de Emenda Constitucional n\u00ba32 (PEC 32) sem nenhum di\u00e1logo com quem mais ser\u00e1 afetado por essa reforma: a popula\u00e7\u00e3o e os pr\u00f3prios servidores p\u00fablicos.<\/p>\n<p>Agora que a PEC j\u00e1 est\u00e1 pronta para ser votada, chamou os dirigentes do F\u00f3rum das Entidades Nacionais dos Servidores P\u00fablicos Federais (Fonasefe) para uma reuni\u00e3o no dia 05\/11. O Fonasefe sabe que isso \u00e9 uma armadilha do governo para dizer \u00e0 opini\u00e3o p\u00fablica que est\u00e1 dialogando sobre pontos da Reforma com todos os setores afetados, mas \u00e9 tudo um teatro.<\/p>\n<p>O governo quer enfiar a reforma goela abaixo da sociedade brasileira. Por isso, o Fonasefe resolveu n\u00e3o comparecer \u00e0 reuni\u00e3o de 05\/11 com o governo e agendou uma entrevista coletiva para o mesmo dia no intuito de publicizar sua vis\u00e3o sobre todo este processo. Convocamos toda a imprensa, as entidades brasileiras, os movimentos sociais e a popula\u00e7\u00e3o em geral para que assista e participe com perguntas.&#8221;<\/p>\n","protected":false},"excerpt":{"rendered":"<p>O funcionalismo definiu o convite para o debate como &#8220;uma armadilha do governo para dizer \u00e0 opini\u00e3o p\u00fablica que est\u00e1 dialogando sobre pontos da reforma com todos os setores afetados, mas \u00e9 tudo um teatro&#8221;, informa o F\u00f3rum das Entidades Nacionais dos Servidores P\u00fablicos Federais (Fonasefe) Nessa quinta-feira, \u00e0s 15h30, mesmo hor\u00e1rio em que deveriam estar no Minist\u00e9rio da Economia, [&hellip;]<\/p>\n","protected":false},"author":27,"featured_media":0,"comment_status":"open","ping_status":"closed","sticky":false,"template":"","format":"standard","meta":{"footnotes":""},"categories":[2719],"tags":[5555,847,7421,98,15938,58],"class_list":["post-18230","post","type-post","status-publish","format-standard","hentry","category-servidor","tag-armadilha","tag-debate","tag-fonasefe","tag-governo","tag-reforma-administrativa","tag-servidores"],"_links":{"self":[{"href":"https:\/\/blogs.correiobraziliense.com.br\/servidor\/wp-json\/wp\/v2\/posts\/18230","targetHints":{"allow":["GET"]}}],"collection":[{"href":"https:\/\/blogs.correiobraziliense.com.br\/servidor\/wp-json\/wp\/v2\/posts"}],"about":[{"href":"https:\/\/blogs.correiobraziliense.com.br\/servidor\/wp-json\/wp\/v2\/types\/post"}],"author":[{"embeddable":true,"href":"https:\/\/blogs.correiobraziliense.com.br\/servidor\/wp-json\/wp\/v2\/users\/27"}],"replies":[{"embeddable":true,"href":"https:\/\/blogs.correiobraziliense.com.br\/servidor\/wp-json\/wp\/v2\/comments?post=18230"}],"version-history":[{"count":1,"href":"https:\/\/blogs.correiobraziliense.com.br\/servidor\/wp-json\/wp\/v2\/posts\/18230\/revisions"}],"predecessor-version":[{"id":18232,"href":"https:\/\/blogs.correiobraziliense.com.br\/servidor\/wp-json\/wp\/v2\/posts\/18230\/revisions\/18232"}],"wp:attachment":[{"href":"https:\/\/blogs.correiobraziliense.com.br\/servidor\/wp-json\/wp\/v2\/media?parent=18230"}],"wp:term":[{"taxonomy":"category","embeddable":true,"href":"https:\/\/blogs.correiobraziliense.com.br\/servidor\/wp-json\/wp\/v2\/categories?post=18230"},{"taxonomy":"post_tag","embeddable":true,"href":"https:\/\/blogs.correiobraziliense.com.br\/servidor\/wp-json\/wp\/v2\/tags?post=18230"}],"curies":[{"name":"wp","href":"https:\/\/api.w.org\/{rel}","templated":true}]}}