{"id":18215,"date":"2020-11-03T10:40:13","date_gmt":"2020-11-03T13:40:13","guid":{"rendered":"https:\/\/blogs.correiobraziliense.com.br\/servidor\/?p=18215"},"modified":"2020-11-03T12:23:12","modified_gmt":"2020-11-03T15:23:12","slug":"manifestacao-em-sp-e-bsb-pela-derrubada-do-veto-da-desoneracao-da-folha","status":"publish","type":"post","link":"https:\/\/blogs.correiobraziliense.com.br\/servidor\/manifestacao-em-sp-e-bsb-pela-derrubada-do-veto-da-desoneracao-da-folha\/","title":{"rendered":"Manifesta\u00e7\u00e3o em SP e BSB pela derrubada do veto da desonera\u00e7\u00e3o da folha"},"content":{"rendered":"<p><em><strong>Trabalhadores e empres\u00e1rios de setores como transporte urbano e de cargas, telecomunica\u00e7\u00f5es, call center, ind\u00fastria t\u00eaxtil e outros prejudicados pelo veto da desonera\u00e7\u00e3o da folha e defesa do emprego far\u00e3o manifesta\u00e7\u00f5es em Bras\u00edlia e em S\u00e3o Paulo. O l\u00edder do PSL no Senado, Major Olimpio, estar\u00e1 novamente presente para apoiar a iniciativa e sensibilizar o Congresso<\/strong><\/em><\/p>\n<p>Em Bras\u00edlia, a concentra\u00e7\u00e3o ser\u00e1 nesta ter\u00e7a-feira (03\/11), \u00e0s\u00a013h30 no Minist\u00e9rio da Economia. A manifesta\u00e7\u00e3o est\u00e1 prevista para 14 horas e inicio de caminhada \u00e0s 14h30 passando pelo Congresso. em dire\u00e7\u00e3o a Pra\u00e7a dos Tr\u00eas Poderes. Em S\u00e3o Paulo, come\u00e7a \u00e0s 11 horas, em frente ao Banco do Brasil, na Avenida Paulista.<\/p>\n<p><img loading=\"lazy\" decoding=\"async\" class=\"alignright size-large wp-image-18221\" src=\"https:\/\/blogs.correiobraziliense.com.br\/servidor\/wp-content\/uploads\/sites\/10\/2020\/11\/MANIFESTA\u00c7\u00c3O-DESONERA\u00c7\u00c3O-SP-1024x498.jpg\" alt=\"\" width=\"1024\" height=\"498\" srcset=\"https:\/\/blogs.correiobraziliense.com.br\/servidor\/wp-content\/uploads\/sites\/10\/2020\/11\/MANIFESTA\u00c7\u00c3O-DESONERA\u00c7\u00c3O-SP-1024x498.jpg 1024w, https:\/\/blogs.correiobraziliense.com.br\/servidor\/wp-content\/uploads\/sites\/10\/2020\/11\/MANIFESTA\u00c7\u00c3O-DESONERA\u00c7\u00c3O-SP-300x146.jpg 300w, https:\/\/blogs.correiobraziliense.com.br\/servidor\/wp-content\/uploads\/sites\/10\/2020\/11\/MANIFESTA\u00c7\u00c3O-DESONERA\u00c7\u00c3O-SP-768x373.jpg 768w, https:\/\/blogs.correiobraziliense.com.br\/servidor\/wp-content\/uploads\/sites\/10\/2020\/11\/MANIFESTA\u00c7\u00c3O-DESONERA\u00c7\u00c3O-SP-800x389.jpg 800w, https:\/\/blogs.correiobraziliense.com.br\/servidor\/wp-content\/uploads\/sites\/10\/2020\/11\/MANIFESTA\u00c7\u00c3O-DESONERA\u00c7\u00c3O-SP-550x267.jpg 550w, https:\/\/blogs.correiobraziliense.com.br\/servidor\/wp-content\/uploads\/sites\/10\/2020\/11\/MANIFESTA\u00c7\u00c3O-DESONERA\u00c7\u00c3O-SP-230x112.jpg 230w, https:\/\/blogs.correiobraziliense.com.br\/servidor\/wp-content\/uploads\/sites\/10\/2020\/11\/MANIFESTA\u00c7\u00c3O-DESONERA\u00c7\u00c3O-SP.jpg 1280w\" sizes=\"auto, (max-width: 1024px) 100vw, 1024px\" \/><\/p>\n<h5><em>Manifesta\u00e7\u00e3o em S\u00e3o Paulo<\/em><\/h5>\n<p>Na capital paulista, o movimento, al\u00e9m de derrubada do Veto 26, \u00e9 tamb\u00e9m em favor da manuten\u00e7\u00e3o do aux\u00edlio emergencial no valor de R$ 600. Ap\u00f3s sucessivos adiamentos a pedido do governo, a sess\u00e3o do Congresso que ir\u00e1 analisar os vetos est\u00e1 marcada para dia 4 de novembro. Os trabalhadores mant\u00e9m total aten\u00e7\u00e3o ao tema.<\/p>\n<p><strong>Servi\u00e7o<\/strong>:<\/p>\n<p>Dia: 03\/11 (ter\u00e7a-feira)<\/p>\n<p>Local: Bras\u00edlia &#8211; Minist\u00e9rio da Economia, bloco P, com caminhada at\u00e9 a Pra\u00e7a dos Tr\u00eas Poderes<\/p>\n<p>Hor\u00e1rio: Manifesta\u00e7\u00e3o de lideran\u00e7as sindicais a partir de 13h30 com posterior caminhada at\u00e9 a Pra\u00e7a para nova manifesta\u00e7\u00e3o. Previs\u00e3o de encerramento at\u00e9 as 16h30.<\/p>\n<p>Local: S\u00e3o Paulo &#8211; Em frente ao Banco do Brasil \u2013 Av. Paulista, 2.163 \u2013 Centro de S\u00e3o Paulo)<br \/>\nHor\u00e1rio: 11 horas<\/p>\n","protected":false},"excerpt":{"rendered":"<p>Trabalhadores e empres\u00e1rios de setores como transporte urbano e de cargas, telecomunica\u00e7\u00f5es, call center, ind\u00fastria t\u00eaxtil e outros prejudicados pelo veto da desonera\u00e7\u00e3o da folha e defesa do emprego far\u00e3o manifesta\u00e7\u00f5es em Bras\u00edlia e em S\u00e3o Paulo. O l\u00edder do PSL no Senado, Major Olimpio, estar\u00e1 novamente presente para apoiar a iniciativa e sensibilizar o Congresso Em Bras\u00edlia, a concentra\u00e7\u00e3o [&hellip;]<\/p>\n","protected":false},"author":27,"featured_media":0,"comment_status":"open","ping_status":"closed","sticky":false,"template":"","format":"standard","meta":{"footnotes":""},"categories":[2719],"tags":[17262,2036,100,3396,197,4177,150,151,19,18440],"class_list":["post-18215","post","type-post","status-publish","format-standard","hentry","category-servidor","tag-auxilio-emergencial","tag-caminhada","tag-congresso","tag-desoneracao","tag-emprego","tag-empresarios","tag-folha","tag-pagamento","tag-trabalhadores","tag-veto-26"],"_links":{"self":[{"href":"https:\/\/blogs.correiobraziliense.com.br\/servidor\/wp-json\/wp\/v2\/posts\/18215","targetHints":{"allow":["GET"]}}],"collection":[{"href":"https:\/\/blogs.correiobraziliense.com.br\/servidor\/wp-json\/wp\/v2\/posts"}],"about":[{"href":"https:\/\/blogs.correiobraziliense.com.br\/servidor\/wp-json\/wp\/v2\/types\/post"}],"author":[{"embeddable":true,"href":"https:\/\/blogs.correiobraziliense.com.br\/servidor\/wp-json\/wp\/v2\/users\/27"}],"replies":[{"embeddable":true,"href":"https:\/\/blogs.correiobraziliense.com.br\/servidor\/wp-json\/wp\/v2\/comments?post=18215"}],"version-history":[{"count":3,"href":"https:\/\/blogs.correiobraziliense.com.br\/servidor\/wp-json\/wp\/v2\/posts\/18215\/revisions"}],"predecessor-version":[{"id":18222,"href":"https:\/\/blogs.correiobraziliense.com.br\/servidor\/wp-json\/wp\/v2\/posts\/18215\/revisions\/18222"}],"wp:attachment":[{"href":"https:\/\/blogs.correiobraziliense.com.br\/servidor\/wp-json\/wp\/v2\/media?parent=18215"}],"wp:term":[{"taxonomy":"category","embeddable":true,"href":"https:\/\/blogs.correiobraziliense.com.br\/servidor\/wp-json\/wp\/v2\/categories?post=18215"},{"taxonomy":"post_tag","embeddable":true,"href":"https:\/\/blogs.correiobraziliense.com.br\/servidor\/wp-json\/wp\/v2\/tags?post=18215"}],"curies":[{"name":"wp","href":"https:\/\/api.w.org\/{rel}","templated":true}]}}