{"id":18205,"date":"2020-10-29T21:34:33","date_gmt":"2020-10-30T00:34:33","guid":{"rendered":"https:\/\/blogs.correiobraziliense.com.br\/servidor\/?p=18205"},"modified":"2020-10-29T21:34:33","modified_gmt":"2020-10-30T00:34:33","slug":"governo-federal-define-recesso-de-natal-e-ano-novo","status":"publish","type":"post","link":"https:\/\/blogs.correiobraziliense.com.br\/servidor\/governo-federal-define-recesso-de-natal-e-ano-novo\/","title":{"rendered":"Governo federal define recesso de Natal e Ano Novo"},"content":{"rendered":"<p><em><strong>O governo definiu as regras para o recesso de fim de ano. Servidores ter\u00e3o que compensar as horas n\u00e3o trabalhadas, inclusive quem est\u00e1 em teletrabalho, j\u00e1 a partir de hoje, 29 de outubro. Do contr\u00e1rio, &#8220;ter\u00e3o o valor proporcional \u00e0s horas n\u00e3o trabalhadas descontado na sua remunera\u00e7\u00e3o&#8221;<\/strong><\/em><\/p>\n<p>O Minist\u00e9rio da Economia informou que os servidores p\u00fablicos federais far\u00e3o escala de recesso para a comemora\u00e7\u00e3o das festas de final de ano de 21 a 24 de dezembro e de 28 a 31 de dezembro de 2020. A medida foi estabelecida pela Portaria n\u00ba 22.899, de 28 de outubro de 2020, publicada pelo Minist\u00e9rio da Economia (ME), no Di\u00e1rio Oficial da Uni\u00e3o de hoje (29\/10).<\/p>\n<p>A Portaria estabelece que os servidores ter\u00e3o que fazer\u00a0 revezamento nas datas &#8220;para garantir a presta\u00e7\u00e3o dos servi\u00e7os essenciais e atendimento aos cidad\u00e3os&#8221;, informa o minist\u00e9rio. &#8220;O recesso ter\u00e1 de ser compensado por todos. Mas o per\u00edodo e a forma dessa compensa\u00e7\u00e3o variam de acordo com a modalidade de trabalho que est\u00e1 sendo exercida pelo agente p\u00fablico&#8221;, refor\u00e7a.<\/p>\n<p>Para quem est\u00e1 no presencial, a compensa\u00e7\u00e3o come\u00e7a a ser contada a partir de hoje (29\/10), data de publica\u00e7\u00e3o da Portaria, com t\u00e9rmino no dia 31 de maio de 2021;<\/p>\n<p>Para os servidores que est\u00e3o participando do Programa de Gest\u00e3o (teletrabalho), o recesso dever\u00e1 ser compensado a partir de hoje at\u00e9 31 de maio de 2021, com metas que ser\u00e3o calculadas em horas para cada atividade a ser desenvolvida, conforme Instru\u00e7\u00e3o Normativa SGP\/ME n\u00ba 65, de de 2020; e<\/p>\n<p>Para os agentes p\u00fablicos que est\u00e3o em trabalho remoto na data de publica\u00e7\u00e3o da Portaria, por for\u00e7a de medidas de prote\u00e7\u00e3o para o enfrentamento da emerg\u00eancia de sa\u00fade p\u00fablica decorrente da Covid-19, o recesso dever\u00e1 ser compensado a partir do seu retorno ao trabalho presencial, com t\u00e9rmino em 31 de maio de 2021 ou em at\u00e9 tr\u00eas meses ap\u00f3s seu retorno, o per\u00edodo que for maior.<\/p>\n<p>O servidor que n\u00e3o compensar as horas usufru\u00eddas em raz\u00e3o do recesso ter\u00e1 o valor proporcional \u00e0s horas n\u00e3o trabalhadas descontado na sua remunera\u00e7\u00e3o, avisa o minist\u00e9rio.<\/p>\n","protected":false},"excerpt":{"rendered":"<p>O governo definiu as regras para o recesso de fim de ano. Servidores ter\u00e3o que compensar as horas n\u00e3o trabalhadas, inclusive quem est\u00e1 em teletrabalho, j\u00e1 a partir de hoje, 29 de outubro. Do contr\u00e1rio, &#8220;ter\u00e3o o valor proporcional \u00e0s horas n\u00e3o trabalhadas descontado na sua remunera\u00e7\u00e3o&#8221; O Minist\u00e9rio da Economia informou que os servidores p\u00fablicos federais far\u00e3o escala de [&hellip;]<\/p>\n","protected":false},"author":27,"featured_media":0,"comment_status":"open","ping_status":"closed","sticky":false,"template":"","format":"standard","meta":{"footnotes":""},"categories":[2719],"tags":[224,551,3737,1769,8532,124,10069,13809,98,14327,223,18432,1788,4134,751,7472,1620,58,1584],"class_list":["post-18205","post","type-post","status-publish","format-standard","hentry","category-servidor","tag-ano-novo","tag-atendimento","tag-descontado","tag-dou","tag-escala","tag-federal","tag-festas","tag-final-de-ano","tag-governo","tag-ministerio-da-economia","tag-natal","tag-portaria-22-899-20","tag-presencial","tag-recesso","tag-regras","tag-remoto","tag-remuneracao","tag-servidores","tag-teletrabalho"],"_links":{"self":[{"href":"https:\/\/blogs.correiobraziliense.com.br\/servidor\/wp-json\/wp\/v2\/posts\/18205","targetHints":{"allow":["GET"]}}],"collection":[{"href":"https:\/\/blogs.correiobraziliense.com.br\/servidor\/wp-json\/wp\/v2\/posts"}],"about":[{"href":"https:\/\/blogs.correiobraziliense.com.br\/servidor\/wp-json\/wp\/v2\/types\/post"}],"author":[{"embeddable":true,"href":"https:\/\/blogs.correiobraziliense.com.br\/servidor\/wp-json\/wp\/v2\/users\/27"}],"replies":[{"embeddable":true,"href":"https:\/\/blogs.correiobraziliense.com.br\/servidor\/wp-json\/wp\/v2\/comments?post=18205"}],"version-history":[{"count":1,"href":"https:\/\/blogs.correiobraziliense.com.br\/servidor\/wp-json\/wp\/v2\/posts\/18205\/revisions"}],"predecessor-version":[{"id":18206,"href":"https:\/\/blogs.correiobraziliense.com.br\/servidor\/wp-json\/wp\/v2\/posts\/18205\/revisions\/18206"}],"wp:attachment":[{"href":"https:\/\/blogs.correiobraziliense.com.br\/servidor\/wp-json\/wp\/v2\/media?parent=18205"}],"wp:term":[{"taxonomy":"category","embeddable":true,"href":"https:\/\/blogs.correiobraziliense.com.br\/servidor\/wp-json\/wp\/v2\/categories?post=18205"},{"taxonomy":"post_tag","embeddable":true,"href":"https:\/\/blogs.correiobraziliense.com.br\/servidor\/wp-json\/wp\/v2\/tags?post=18205"}],"curies":[{"name":"wp","href":"https:\/\/api.w.org\/{rel}","templated":true}]}}