{"id":18201,"date":"2020-10-29T12:35:26","date_gmt":"2020-10-29T15:35:26","guid":{"rendered":"https:\/\/blogs.correiobraziliense.com.br\/servidor\/?p=18201"},"modified":"2020-10-29T12:35:26","modified_gmt":"2020-10-29T15:35:26","slug":"feriado-de-finados-deve-movimentar-5139-mil-passageiros-nos-aeroportos-da-infraero","status":"publish","type":"post","link":"https:\/\/blogs.correiobraziliense.com.br\/servidor\/feriado-de-finados-deve-movimentar-5139-mil-passageiros-nos-aeroportos-da-infraero\/","title":{"rendered":"Feriado de Finados deve movimentar 513,9 mil passageiros nos aeroportos da Infraero"},"content":{"rendered":"<p><em><strong>Os aeroportos da Infraero com voos comerciais regulares devem receber 513.955 passageiros, entre embarques e desembarques, de 30 de outubro a 3 de novembro. O movimento representa 60,5% do registrado no mesmo feriado em 2019, quando os aeroportos da Rede Infraero receberam 849.844 passageiros<\/strong><\/em><\/p>\n<p>Apesar da queda, a Infraero destaca que o fluxo \u00e9 19,5 vezes superior ao contabilizado durante o Dia do Trabalhador \u2013 de 30 abril a\u00a0 4 de maio \u2013, no auge da pandemia pelo novo coronav\u00edrus, quando 26.884 viajantes passaram pelos terminais da empresa; seis vezes maior do que o registrado durante o Corpus Christi \u2013 10 a 15 de junho -, com 83.720 viajantes; e 50% superior ao feriado de Nossa Senhora Aparecida, com 344.811 passageiros entre 9 e 13 de outubro.<\/p>\n<p>A previs\u00e3o da empresa \u00e9 de que os dias de maior fluxo sejam esta sexta-feira (30), com 119.844 viajantes, e a pr\u00f3xima ter\u00e7a-feira (3), com 129.981. No per\u00edodo, tamb\u00e9m s\u00e3o esperadas 3.561 opera\u00e7\u00f5es de pousos e decolagens.<\/p>\n<p>Para garantir a fluidez nas opera\u00e7\u00f5es e no funcionamento de toda infraestrutura aeroportu\u00e1ria durante o feriad\u00e3o, uma s\u00e9rie de a\u00e7\u00f5es foi adotada, informa a Infraero, para atender ao aumento do fluxo de passageiros e manter o conforto e a seguran\u00e7a dos usu\u00e1rios. Equipes de seguran\u00e7a e opera\u00e7\u00f5es ser\u00e3o refor\u00e7adas, se necess\u00e1rio, por meio de remanejamento das escalas de trabalho. Em caso de esclarecimentos dos passageiros, estar\u00e3o de prontid\u00e3o os \u201camarelinhos\u201d, funcion\u00e1rios de colete amarelo com a frase \u201cPosso Ajudar\/May I Help You?\u201d.<\/p>\n<p><strong>Viaje com seguran\u00e7a<\/strong><\/p>\n<p>A Infraero conta com uma campanha que inclui a instala\u00e7\u00e3o de adesivos de sinaliza\u00e7\u00e3o e orienta\u00e7\u00e3o por todo o caminho que o viajante faz para o embarque e desembarque de um voo; al\u00e9m de avisos em \u00e1udio e v\u00eddeo nos sistemas de som e pain\u00e9is de voos, e cartazes pelos terminais. O foco dos alertas \u00e9 no uso de m\u00e1scaras durante a perman\u00eancia no aeroporto e na viagem; distanciamento entre os frequentadores dos terminais e higieniza\u00e7\u00e3o das m\u00e3os.<\/p>\n<p>As a\u00e7\u00f5es seguem as medidas sanit\u00e1rias determinadas pela Ag\u00eancia Nacional de Vigil\u00e2ncia Sanit\u00e1ria (Anvisa) para que todas as atividades ocorram com os cuidados que o combate ao coronav\u00edrus exige. <a href=\"http:\/\/Os detalhes dessas medidas est\u00e3o no site da Infraero.\">Os detalhes dessas medidas est\u00e3o no site da Infraero.<\/a><\/p>\n","protected":false},"excerpt":{"rendered":"<p>Os aeroportos da Infraero com voos comerciais regulares devem receber 513.955 passageiros, entre embarques e desembarques, de 30 de outubro a 3 de novembro. O movimento representa 60,5% do registrado no mesmo feriado em 2019, quando os aeroportos da Rede Infraero receberam 849.844 passageiros Apesar da queda, a Infraero destaca que o fluxo \u00e9 19,5 vezes superior ao contabilizado durante [&hellip;]<\/p>\n","protected":false},"author":27,"featured_media":0,"comment_status":"open","ping_status":"closed","sticky":false,"template":"","format":"standard","meta":{"footnotes":""},"categories":[2719],"tags":[603,1850,9747,9094,11016,1823,4096,2343,5139,208,864,10975],"class_list":["post-18201","post","type-post","status-publish","format-standard","hentry","category-servidor","tag-aeroportos","tag-anvisa","tag-comerciais","tag-desembarques","tag-embarques","tag-feriado","tag-finados","tag-infraero","tag-passageiros","tag-seguranca","tag-usuarios","tag-voos"],"_links":{"self":[{"href":"https:\/\/blogs.correiobraziliense.com.br\/servidor\/wp-json\/wp\/v2\/posts\/18201","targetHints":{"allow":["GET"]}}],"collection":[{"href":"https:\/\/blogs.correiobraziliense.com.br\/servidor\/wp-json\/wp\/v2\/posts"}],"about":[{"href":"https:\/\/blogs.correiobraziliense.com.br\/servidor\/wp-json\/wp\/v2\/types\/post"}],"author":[{"embeddable":true,"href":"https:\/\/blogs.correiobraziliense.com.br\/servidor\/wp-json\/wp\/v2\/users\/27"}],"replies":[{"embeddable":true,"href":"https:\/\/blogs.correiobraziliense.com.br\/servidor\/wp-json\/wp\/v2\/comments?post=18201"}],"version-history":[{"count":1,"href":"https:\/\/blogs.correiobraziliense.com.br\/servidor\/wp-json\/wp\/v2\/posts\/18201\/revisions"}],"predecessor-version":[{"id":18202,"href":"https:\/\/blogs.correiobraziliense.com.br\/servidor\/wp-json\/wp\/v2\/posts\/18201\/revisions\/18202"}],"wp:attachment":[{"href":"https:\/\/blogs.correiobraziliense.com.br\/servidor\/wp-json\/wp\/v2\/media?parent=18201"}],"wp:term":[{"taxonomy":"category","embeddable":true,"href":"https:\/\/blogs.correiobraziliense.com.br\/servidor\/wp-json\/wp\/v2\/categories?post=18201"},{"taxonomy":"post_tag","embeddable":true,"href":"https:\/\/blogs.correiobraziliense.com.br\/servidor\/wp-json\/wp\/v2\/tags?post=18201"}],"curies":[{"name":"wp","href":"https:\/\/api.w.org\/{rel}","templated":true}]}}