{"id":18196,"date":"2020-10-29T10:43:41","date_gmt":"2020-10-29T13:43:41","guid":{"rendered":"https:\/\/blogs.correiobraziliense.com.br\/servidor\/?p=18196"},"modified":"2020-10-29T10:43:41","modified_gmt":"2020-10-29T13:43:41","slug":"tendencias-e-evolucao-da-comunicacao-publica","status":"publish","type":"post","link":"https:\/\/blogs.correiobraziliense.com.br\/servidor\/tendencias-e-evolucao-da-comunicacao-publica\/","title":{"rendered":"Tend\u00eancias e Evolu\u00e7\u00e3o da Comunica\u00e7\u00e3o P\u00fablica"},"content":{"rendered":"<p><em><strong>O tema \u00e9 realinhamento da comunica\u00e7\u00e3o p\u00fablica com o digital e seu novo papel em uma sociedade cada vez mais conectada<\/strong><\/em><\/p>\n<p><img loading=\"lazy\" decoding=\"async\" class=\"alignright size-large wp-image-18197\" src=\"https:\/\/blogs.correiobraziliense.com.br\/servidor\/wp-content\/uploads\/sites\/10\/2020\/10\/comunica\u00e7\u00e3o-p\u00fablica-576x1024.jpg\" alt=\"\" width=\"576\" height=\"1024\" srcset=\"https:\/\/blogs.correiobraziliense.com.br\/servidor\/wp-content\/uploads\/sites\/10\/2020\/10\/comunica\u00e7\u00e3o-p\u00fablica-576x1024.jpg 576w, https:\/\/blogs.correiobraziliense.com.br\/servidor\/wp-content\/uploads\/sites\/10\/2020\/10\/comunica\u00e7\u00e3o-p\u00fablica-169x300.jpg 169w, https:\/\/blogs.correiobraziliense.com.br\/servidor\/wp-content\/uploads\/sites\/10\/2020\/10\/comunica\u00e7\u00e3o-p\u00fablica-550x978.jpg 550w, https:\/\/blogs.correiobraziliense.com.br\/servidor\/wp-content\/uploads\/sites\/10\/2020\/10\/comunica\u00e7\u00e3o-p\u00fablica-230x409.jpg 230w, https:\/\/blogs.correiobraziliense.com.br\/servidor\/wp-content\/uploads\/sites\/10\/2020\/10\/comunica\u00e7\u00e3o-p\u00fablica.jpg 720w\" sizes=\"auto, (max-width: 576px) 100vw, 576px\" \/><\/p>\n<p>Hoje, \u00e0s 15 horas, o jornalista Sergio Lerrer, fundador do Pro Legislativo, vai mediar debate live para a C\u00e2mara dos Deputados e sua Escola Virtual de Cidadania.\u00a0Com a Carolina G\u00f3es, que coordena o conte\u00fado digital das redes do Governo de S\u00e3o Paulo, e com o Jorge Paulo J\u00fanior, que dirige a Secretaria de M\u00eddias Digitais da C\u00e2mara dos Deputados.<\/p>\n<p>Para assistir acesse <a href=\"https:\/\/www.youtube.com\/channel\/UCFXSjINWXSBC4Ul68FZouhQ\">https:\/\/www.youtube.com\/channel\/UCFXSjINWXSBC4Ul68FZouhQ<\/a><\/p>\n","protected":false},"excerpt":{"rendered":"<p>O tema \u00e9 realinhamento da comunica\u00e7\u00e3o p\u00fablica com o digital e seu novo papel em uma sociedade cada vez mais conectada Hoje, \u00e0s 15 horas, o jornalista Sergio Lerrer, fundador do Pro Legislativo, vai mediar debate live para a C\u00e2mara dos Deputados e sua Escola Virtual de Cidadania.\u00a0Com a Carolina G\u00f3es, que coordena o conte\u00fado digital das redes do Governo [&hellip;]<\/p>\n","protected":false},"author":27,"featured_media":0,"comment_status":"open","ping_status":"closed","sticky":false,"template":"","format":"standard","meta":{"footnotes":""},"categories":[2719],"tags":[559,13518,87,6456,147,351,2858],"class_list":["post-18196","post","type-post","status-publish","format-standard","hentry","category-servidor","tag-comunicacao","tag-conectada","tag-digital","tag-evolucao","tag-publica","tag-sociedade","tag-tendencia"],"_links":{"self":[{"href":"https:\/\/blogs.correiobraziliense.com.br\/servidor\/wp-json\/wp\/v2\/posts\/18196","targetHints":{"allow":["GET"]}}],"collection":[{"href":"https:\/\/blogs.correiobraziliense.com.br\/servidor\/wp-json\/wp\/v2\/posts"}],"about":[{"href":"https:\/\/blogs.correiobraziliense.com.br\/servidor\/wp-json\/wp\/v2\/types\/post"}],"author":[{"embeddable":true,"href":"https:\/\/blogs.correiobraziliense.com.br\/servidor\/wp-json\/wp\/v2\/users\/27"}],"replies":[{"embeddable":true,"href":"https:\/\/blogs.correiobraziliense.com.br\/servidor\/wp-json\/wp\/v2\/comments?post=18196"}],"version-history":[{"count":1,"href":"https:\/\/blogs.correiobraziliense.com.br\/servidor\/wp-json\/wp\/v2\/posts\/18196\/revisions"}],"predecessor-version":[{"id":18198,"href":"https:\/\/blogs.correiobraziliense.com.br\/servidor\/wp-json\/wp\/v2\/posts\/18196\/revisions\/18198"}],"wp:attachment":[{"href":"https:\/\/blogs.correiobraziliense.com.br\/servidor\/wp-json\/wp\/v2\/media?parent=18196"}],"wp:term":[{"taxonomy":"category","embeddable":true,"href":"https:\/\/blogs.correiobraziliense.com.br\/servidor\/wp-json\/wp\/v2\/categories?post=18196"},{"taxonomy":"post_tag","embeddable":true,"href":"https:\/\/blogs.correiobraziliense.com.br\/servidor\/wp-json\/wp\/v2\/tags?post=18196"}],"curies":[{"name":"wp","href":"https:\/\/api.w.org\/{rel}","templated":true}]}}