{"id":18177,"date":"2020-10-28T13:21:23","date_gmt":"2020-10-28T16:21:23","guid":{"rendered":"https:\/\/blogs.correiobraziliense.com.br\/servidor\/?p=18177"},"modified":"2020-10-28T13:21:23","modified_gmt":"2020-10-28T16:21:23","slug":"entidades-com-presenca-em-todos-estados-lancam-movimento-de-conscientizacao-contra-a-reforma-administrativa","status":"publish","type":"post","link":"https:\/\/blogs.correiobraziliense.com.br\/servidor\/entidades-com-presenca-em-todos-estados-lancam-movimento-de-conscientizacao-contra-a-reforma-administrativa\/","title":{"rendered":"Entidades com presen\u00e7a em todos estados lan\u00e7am movimento de conscientiza\u00e7\u00e3o contra a reforma administrativa"},"content":{"rendered":"<p><em><strong>Mais de 400 mil servidores p\u00fablicos, representados por 25 entidades no pa\u00eds, se uniram durante o m\u00eas de outubro e iniciam esta semana o \u201cMovimento a Servi\u00e7o do Brasil\u201d. A inten\u00e7\u00e3o \u00e9 mostrar os impactos negativos para a sociedade com a redu\u00e7\u00e3o da jornada em setores como sa\u00fade, educa\u00e7\u00e3o, justi\u00e7a, Minist\u00e9rio P\u00fablico e fiscaliza\u00e7\u00f5es<\/strong><\/em><\/p>\n<p>Federa\u00e7\u00f5es e sindicatos ligados ao Judici\u00e1rio, Executivo e Minist\u00e9rio P\u00fablico, por meio de uma a\u00e7\u00e3o integrada de redes sociais, publicidade e comunica\u00e7\u00e3o interna, v\u00e3o conscientizar a popula\u00e7\u00e3o sobre pontos n\u00e3o abordados pelo governo e parlamentares na reforma administrativa e na PEC Emergencial, considerados lesivos ao cidad\u00e3o e que podem comprometer j\u00e1 em 2021 a presta\u00e7\u00e3o de servi\u00e7os b\u00e1sicos.<\/p>\n<p>&#8220;O primeiro impacto a ser sentido pela popula\u00e7\u00e3o est\u00e1 previsto na PEC Emergencial, que prev\u00ea a redu\u00e7\u00e3o de 25% na jornada e no sal\u00e1rio dos servidores. Entre as entidades participantes do Movimento, o receio com a sobrecarga de trabalho e falta de pessoal para atender as demandas do p\u00fablico acenderam um alerta&#8221;, informam as entidades.<\/p>\n<p>Nos pr\u00f3ximos dias, marcando as comemora\u00e7\u00f5es do Dia da Servidora e do Servidor P\u00fablico, um v\u00eddeo manifesto ser\u00e1 apresentado ao funcionalismo. J\u00e1 no dia 5 de novembro, ser\u00e1 a vez de a imprensa conhecer como ser\u00e1 a campanha, al\u00e9m de dados in\u00e9ditos que ir\u00e3o mostrar como a quest\u00e3o vai afetar a popula\u00e7\u00e3o em n\u00fameros.<\/p>\n","protected":false},"excerpt":{"rendered":"<p>Mais de 400 mil servidores p\u00fablicos, representados por 25 entidades no pa\u00eds, se uniram durante o m\u00eas de outubro e iniciam esta semana o \u201cMovimento a Servi\u00e7o do Brasil\u201d. A inten\u00e7\u00e3o \u00e9 mostrar os impactos negativos para a sociedade com a redu\u00e7\u00e3o da jornada em setores como sa\u00fade, educa\u00e7\u00e3o, justi\u00e7a, Minist\u00e9rio P\u00fablico e fiscaliza\u00e7\u00f5es Federa\u00e7\u00f5es e sindicatos ligados ao Judici\u00e1rio, [&hellip;]<\/p>\n","protected":false},"author":27,"featured_media":0,"comment_status":"open","ping_status":"closed","sticky":false,"template":"","format":"standard","meta":{"footnotes":""},"categories":[2719],"tags":[48,73,9,98,4523,1623,64,260,417,18419,7069,268,1083,15938,616,351],"class_list":["post-18177","post","type-post","status-publish","format-standard","hentry","category-servidor","tag-educacao","tag-entidades","tag-executivo","tag-governo","tag-impactos","tag-jornada","tag-judiciario","tag-justica","tag-ministerio-publico","tag-movimento-a-servico-do-brasil","tag-negativos","tag-parlamentares","tag-redes-sociais","tag-reforma-administrativa","tag-saude","tag-sociedade"],"_links":{"self":[{"href":"https:\/\/blogs.correiobraziliense.com.br\/servidor\/wp-json\/wp\/v2\/posts\/18177","targetHints":{"allow":["GET"]}}],"collection":[{"href":"https:\/\/blogs.correiobraziliense.com.br\/servidor\/wp-json\/wp\/v2\/posts"}],"about":[{"href":"https:\/\/blogs.correiobraziliense.com.br\/servidor\/wp-json\/wp\/v2\/types\/post"}],"author":[{"embeddable":true,"href":"https:\/\/blogs.correiobraziliense.com.br\/servidor\/wp-json\/wp\/v2\/users\/27"}],"replies":[{"embeddable":true,"href":"https:\/\/blogs.correiobraziliense.com.br\/servidor\/wp-json\/wp\/v2\/comments?post=18177"}],"version-history":[{"count":1,"href":"https:\/\/blogs.correiobraziliense.com.br\/servidor\/wp-json\/wp\/v2\/posts\/18177\/revisions"}],"predecessor-version":[{"id":18178,"href":"https:\/\/blogs.correiobraziliense.com.br\/servidor\/wp-json\/wp\/v2\/posts\/18177\/revisions\/18178"}],"wp:attachment":[{"href":"https:\/\/blogs.correiobraziliense.com.br\/servidor\/wp-json\/wp\/v2\/media?parent=18177"}],"wp:term":[{"taxonomy":"category","embeddable":true,"href":"https:\/\/blogs.correiobraziliense.com.br\/servidor\/wp-json\/wp\/v2\/categories?post=18177"},{"taxonomy":"post_tag","embeddable":true,"href":"https:\/\/blogs.correiobraziliense.com.br\/servidor\/wp-json\/wp\/v2\/tags?post=18177"}],"curies":[{"name":"wp","href":"https:\/\/api.w.org\/{rel}","templated":true}]}}