{"id":18175,"date":"2020-10-28T12:07:57","date_gmt":"2020-10-28T15:07:57","guid":{"rendered":"https:\/\/blogs.correiobraziliense.com.br\/servidor\/?p=18175"},"modified":"2020-10-28T12:07:57","modified_gmt":"2020-10-28T15:07:57","slug":"saudacoes-pelo-dia-do-servidor","status":"publish","type":"post","link":"https:\/\/blogs.correiobraziliense.com.br\/servidor\/saudacoes-pelo-dia-do-servidor\/","title":{"rendered":"Sauda\u00e7\u00f5es pelo Dia do Servidor"},"content":{"rendered":"<p><em><strong>A natureza de servir<\/strong><\/em><\/p>\n<p>Ao contr\u00e1rio do que podem pensar, a palavra servidor n\u00e3o tem origem no termo\u00a0\u201cservo\u201d. N\u00e3o indica subservi\u00eancia.<\/p>\n<p>Servidor, do latim servitor, \u00e9 a inclina\u00e7\u00e3o para servir. Caracter\u00edstica daquele que \u00e9 diligente, prestativo\u2026 quem cumpre com rigor e precis\u00e3o o que tem a fazer.<\/p>\n<p>E se \u00e9 verdade que os rios n\u00e3o bebem sua pr\u00f3pria \u00e1gua;<\/p>\n<p>Que as \u00e1rvores n\u00e3o comem seus pr\u00f3prios frutos;<\/p>\n<p>E o sol n\u00e3o brilha para si pr\u00f3prio&#8230;<\/p>\n<p>Que as flores n\u00e3o espalham suas fragr\u00e2ncias para si mesmas&#8230;<\/p>\n<p>Ent\u00e3o, podemos afirmar que viver para os outros \u00e9 uma regra da natureza.<\/p>\n<p>Assim tamb\u00e9m \u00e9 o servidor p\u00fablico. Est\u00e1 a servir: para levar sa\u00fade aos doentes, seguran\u00e7a aos indefesos, educa\u00e7\u00e3o aos aprendizes, justi\u00e7a para os\u00a0desvalidos.<\/p>\n<p>Vivemos para servir ao outro, essa \u00e9 a nossa natureza. E n\u00e3o haver\u00e1 tormenta, crise, autoritarismo ou governo de ocasi\u00e3o que retirar\u00e1 nossa ess\u00eancia.<\/p>\n<p>Seguiremos em frente!<\/p>\n<p>Feliz dia do Servidor!<\/p>\n<p>S\u00e3o os votos de Humberto Lucchesi de Carvalho, advogado, aos servidores p\u00fablicos brasileiros.<\/p>\n","protected":false},"excerpt":{"rendered":"<p>A natureza de servir Ao contr\u00e1rio do que podem pensar, a palavra servidor n\u00e3o tem origem no termo\u00a0\u201cservo\u201d. N\u00e3o indica subservi\u00eancia. Servidor, do latim servitor, \u00e9 a inclina\u00e7\u00e3o para servir. Caracter\u00edstica daquele que \u00e9 diligente, prestativo\u2026 quem cumpre com rigor e precis\u00e3o o que tem a fazer. E se \u00e9 verdade que os rios n\u00e3o bebem sua pr\u00f3pria \u00e1gua; Que [&hellip;]<\/p>\n","protected":false},"author":27,"featured_media":0,"comment_status":"open","ping_status":"closed","sticky":false,"template":"","format":"standard","meta":{"footnotes":""},"categories":[2719],"tags":[17672,366,4095,6860,98,3258,361,18417,8,15742,18418],"class_list":["post-18175","post","type-post","status-publish","format-standard","hentry","category-servidor","tag-autoritarismo","tag-crise","tag-dia-do-servidor","tag-essencia","tag-governo","tag-natureza","tag-regra","tag-saudacoes","tag-servidor","tag-subserviencia","tag-tormenta"],"_links":{"self":[{"href":"https:\/\/blogs.correiobraziliense.com.br\/servidor\/wp-json\/wp\/v2\/posts\/18175","targetHints":{"allow":["GET"]}}],"collection":[{"href":"https:\/\/blogs.correiobraziliense.com.br\/servidor\/wp-json\/wp\/v2\/posts"}],"about":[{"href":"https:\/\/blogs.correiobraziliense.com.br\/servidor\/wp-json\/wp\/v2\/types\/post"}],"author":[{"embeddable":true,"href":"https:\/\/blogs.correiobraziliense.com.br\/servidor\/wp-json\/wp\/v2\/users\/27"}],"replies":[{"embeddable":true,"href":"https:\/\/blogs.correiobraziliense.com.br\/servidor\/wp-json\/wp\/v2\/comments?post=18175"}],"version-history":[{"count":1,"href":"https:\/\/blogs.correiobraziliense.com.br\/servidor\/wp-json\/wp\/v2\/posts\/18175\/revisions"}],"predecessor-version":[{"id":18176,"href":"https:\/\/blogs.correiobraziliense.com.br\/servidor\/wp-json\/wp\/v2\/posts\/18175\/revisions\/18176"}],"wp:attachment":[{"href":"https:\/\/blogs.correiobraziliense.com.br\/servidor\/wp-json\/wp\/v2\/media?parent=18175"}],"wp:term":[{"taxonomy":"category","embeddable":true,"href":"https:\/\/blogs.correiobraziliense.com.br\/servidor\/wp-json\/wp\/v2\/categories?post=18175"},{"taxonomy":"post_tag","embeddable":true,"href":"https:\/\/blogs.correiobraziliense.com.br\/servidor\/wp-json\/wp\/v2\/tags?post=18175"}],"curies":[{"name":"wp","href":"https:\/\/api.w.org\/{rel}","templated":true}]}}