{"id":18166,"date":"2020-10-27T22:08:04","date_gmt":"2020-10-28T01:08:04","guid":{"rendered":"https:\/\/blogs.correiobraziliense.com.br\/servidor\/?p=18166"},"modified":"2020-10-27T22:08:04","modified_gmt":"2020-10-28T01:08:04","slug":"politicas-de-atencao-a-saude-vao-para-o-ministerio-da-economia","status":"publish","type":"post","link":"https:\/\/blogs.correiobraziliense.com.br\/servidor\/politicas-de-atencao-a-saude-vao-para-o-ministerio-da-economia\/","title":{"rendered":"Pol\u00edticas de aten\u00e7\u00e3o \u00e0 sa\u00fade v\u00e3o para o Minist\u00e9rio da Economia"},"content":{"rendered":"<p><em><strong>Decreto <a href=\"https:\/\/bit.ly\/2JcCdxd\">n\u00ba 10.530<\/a>, de 26 de outubro de 2020, transfere do Minist\u00e9rio da Sa\u00fade para o Minist\u00e9rio da Economia determina\u00e7\u00f5es da pol\u00edtica de aten\u00e7\u00e3o prim\u00e1ria \u00e0 sa\u00fade. Fenasps protesta. O ME vai fazer estudos, qualificar e contratar no lugar dos gestores do SUS.\u00a0<\/strong><\/em><\/p>\n<p><img loading=\"lazy\" decoding=\"async\" class=\"alignright size-large wp-image-18167\" src=\"https:\/\/blogs.correiobraziliense.com.br\/servidor\/wp-content\/uploads\/sites\/10\/2020\/10\/PRIVATIZAR-SUS-576x1024.jpg\" alt=\"\" width=\"576\" height=\"1024\" srcset=\"https:\/\/blogs.correiobraziliense.com.br\/servidor\/wp-content\/uploads\/sites\/10\/2020\/10\/PRIVATIZAR-SUS-576x1024.jpg 576w, https:\/\/blogs.correiobraziliense.com.br\/servidor\/wp-content\/uploads\/sites\/10\/2020\/10\/PRIVATIZAR-SUS-169x300.jpg 169w, https:\/\/blogs.correiobraziliense.com.br\/servidor\/wp-content\/uploads\/sites\/10\/2020\/10\/PRIVATIZAR-SUS-550x978.jpg 550w, https:\/\/blogs.correiobraziliense.com.br\/servidor\/wp-content\/uploads\/sites\/10\/2020\/10\/PRIVATIZAR-SUS-230x409.jpg 230w, https:\/\/blogs.correiobraziliense.com.br\/servidor\/wp-content\/uploads\/sites\/10\/2020\/10\/PRIVATIZAR-SUS.jpg 720w\" sizes=\"auto, (max-width: 576px) 100vw, 576px\" \/><\/p>\n","protected":false},"excerpt":{"rendered":"<p>Decreto n\u00ba 10.530, de 26 de outubro de 2020, transfere do Minist\u00e9rio da Sa\u00fade para o Minist\u00e9rio da Economia determina\u00e7\u00f5es da pol\u00edtica de aten\u00e7\u00e3o prim\u00e1ria \u00e0 sa\u00fade. Fenasps protesta. O ME vai fazer estudos, qualificar e contratar no lugar dos gestores do SUS.\u00a0<\/p>\n","protected":false},"author":27,"featured_media":0,"comment_status":"open","ping_status":"closed","sticky":false,"template":"","format":"standard","meta":{"footnotes":""},"categories":[2719],"tags":[1086,16536,4384,14327,2242,2000],"class_list":["post-18166","post","type-post","status-publish","format-standard","hentry","category-servidor","tag-estudos","tag-fenasps","tag-gestores","tag-ministerio-da-economia","tag-ministerio-da-saude","tag-sus"],"_links":{"self":[{"href":"https:\/\/blogs.correiobraziliense.com.br\/servidor\/wp-json\/wp\/v2\/posts\/18166","targetHints":{"allow":["GET"]}}],"collection":[{"href":"https:\/\/blogs.correiobraziliense.com.br\/servidor\/wp-json\/wp\/v2\/posts"}],"about":[{"href":"https:\/\/blogs.correiobraziliense.com.br\/servidor\/wp-json\/wp\/v2\/types\/post"}],"author":[{"embeddable":true,"href":"https:\/\/blogs.correiobraziliense.com.br\/servidor\/wp-json\/wp\/v2\/users\/27"}],"replies":[{"embeddable":true,"href":"https:\/\/blogs.correiobraziliense.com.br\/servidor\/wp-json\/wp\/v2\/comments?post=18166"}],"version-history":[{"count":1,"href":"https:\/\/blogs.correiobraziliense.com.br\/servidor\/wp-json\/wp\/v2\/posts\/18166\/revisions"}],"predecessor-version":[{"id":18168,"href":"https:\/\/blogs.correiobraziliense.com.br\/servidor\/wp-json\/wp\/v2\/posts\/18166\/revisions\/18168"}],"wp:attachment":[{"href":"https:\/\/blogs.correiobraziliense.com.br\/servidor\/wp-json\/wp\/v2\/media?parent=18166"}],"wp:term":[{"taxonomy":"category","embeddable":true,"href":"https:\/\/blogs.correiobraziliense.com.br\/servidor\/wp-json\/wp\/v2\/categories?post=18166"},{"taxonomy":"post_tag","embeddable":true,"href":"https:\/\/blogs.correiobraziliense.com.br\/servidor\/wp-json\/wp\/v2\/tags?post=18166"}],"curies":[{"name":"wp","href":"https:\/\/api.w.org\/{rel}","templated":true}]}}