{"id":18150,"date":"2020-10-27T15:51:47","date_gmt":"2020-10-27T18:51:47","guid":{"rendered":"https:\/\/blogs.correiobraziliense.com.br\/servidor\/?p=18150"},"modified":"2020-10-27T15:51:47","modified_gmt":"2020-10-27T18:51:47","slug":"dieese-refuta-estudo-da-cni-que-distorce-dados-do-funcionalismo-condsef-repudia","status":"publish","type":"post","link":"https:\/\/blogs.correiobraziliense.com.br\/servidor\/dieese-refuta-estudo-da-cni-que-distorce-dados-do-funcionalismo-condsef-repudia\/","title":{"rendered":"Dieese refuta estudo da CNI que distorce dados do funcionalismo. Condsef repudia"},"content":{"rendered":"<p><em><strong>Para as entidades, an\u00e1lises distorcidas como as divulgadas tamb\u00e9m pelo Instituto Millenium e pelo Banco Mundial ajudam o governo a conduzir projeto de desmonte do Estado e precisam ser confrontadas<\/strong><\/em><\/p>\n<p>A Condsef aponta <a href=\"https:\/\/www.condsef.org.br\/documentos\/dieese-critica-ao-estudo-cni-que-distorce-dados-funcionalismo-brasil\">documento do Dieese que critica o estudo da Confedera\u00e7\u00e3o Nacional da Ind\u00fastria (CNI)<\/a> que coloca o Brasil na s\u00e9tima posi\u00e7\u00e3o entre os pa\u00edses que mais gastam com o funcionalismo p\u00fablico. A an\u00e1lise distorce a realidade, reitera a Condsef. O Dieese destaca que o equ\u00edvoco est\u00e1 no fato de que a estat\u00edstica citada, da base de dados do Fundo Monet\u00e1rio Internacional (FMI), se limita a servidores p\u00fablicos em atividade, n\u00e3o incluindo aposentados.<\/p>\n<p>Al\u00e9m desse erro considerado grosseiro pelo departamento, a CNI desconsidera que os dados do FMI n\u00e3o s\u00e3o bem padronizados, distorcendo a compara\u00e7\u00e3o entre pa\u00edses. &#8220;A Condsef\/Fenadsef repudia esses dados que para a entidade fazem parte da guerra de narrativa que ajuda o governo Bolsonaro-Guedes a conduzir seu projeto de desmonte do Estado, mais recentemente na tentativa de impor sua reforma administrativa (PEC 32\/20)&#8221;.<\/p>\n<p>O Dieese segue a an\u00e1lise destacando que enquanto no Brasil as despesas intra-or\u00e7ament\u00e1rias (contribui\u00e7\u00e3o do governo aos Regimes Pr\u00f3prios) e a imputa\u00e7\u00e3o cont\u00e1bil do d\u00e9ficit previdenci\u00e1rio inflam os gastos com pessoal apresentados ao FMI, na maior parte dos pa\u00edses da OCDE isto n\u00e3o \u00e9 feito. Sem as imputa\u00e7\u00f5es, o gasto com servidores ativos no Brasil est\u00e1 no mesmo patamar do que a m\u00e9dia da OCDE, observa o Dieese.<\/p>\n<p><strong>D\u00edvida p\u00fablica<\/strong><br \/>\nTodos os estudos que imputam ao funcionalismo os maiores gastos do or\u00e7amento ainda desconsideram um dado crucial que envolve os gastos com pagamento de juros da d\u00edvida p\u00fablica brasileira. &#8220;Todo ano pagamos bilh\u00f5es e mais bilh\u00f5es a bancos para n\u00e3o receber nada em troca. A cada tr\u00eas meses a Selic, taxa b\u00e1sica de juros, \u00e9 redefinida. Os economistas n\u00e3o se cansam de dizer que a Selic seria um mecanismo para controlar a infla\u00e7\u00e3o, mas na verdade se trata de garantir que os bancos controlem os gastos do governo&#8221;, afirma. H\u00e1 anos a Auditoria Cidad\u00e3 da D\u00edvida denuncia esse sistema que s\u00f3 em 2019 consumiu quase 40% de todo o or\u00e7amento p\u00fablico (38,27%).<\/p>\n<p><strong>Excesso de pessoal e m\u00e9dia salarial<\/strong><br \/>\nNas an\u00e1lises consideradas distorcidas tamb\u00e9m entram a vers\u00e3o propagada pelo governo de que o servi\u00e7o p\u00fablico brasileiro concentra um excesso de pessoal, o que n\u00e3o corresponde a verdade, dizem. At\u00e9 mesmo o governo reconheceu em uma nota recente (Nota Econ\u00f4mica n\u00ba 15\/2020) que o Brasil est\u00e1 abaixo no percentual total de empregados pelo setor p\u00fablico. Enquanto a m\u00e9dia dos pa\u00edses da OCDE \u00e9 de 21,1% no Brasil a m\u00e9dia \u00e9 de 12,5% da popula\u00e7\u00e3o empregada pelo Estado.<\/p>\n<p>A m\u00e9dia salarial \u00e9 outro embate nas an\u00e1lises e estudos. Enquanto muitos julgam que a m\u00e9dia salarial no servi\u00e7o p\u00fablico \u00e9 superior \u00e0 da iniciativa privada a realidade mostra que a verdade \u00e9 que essa m\u00e9dia \u00e9 equilibrada. Tirando exce\u00e7\u00f5es que se concentram principalmente em carreiras como magistrados e parlamentares, os servidores de carreira e concursados, 93% do funcionalismo brasileiro que est\u00e1 no Poder Executivo, tem m\u00e9dia salarial de R$ 4.200,00. Outro dado corroborado por estudos e an\u00e1lises do Dieese.<\/p>\n<p>O documento ainda refor\u00e7a que na pr\u00e1tica, a reforma administrativa \u00e9 condicionada pela ideologia do Estado m\u00ednimo e pelas pol\u00edticas de austeridade centradas nos cortes de despesa que dificultam a retomada dos investimentos e do crescimento, desprotegem quem mais precisa dos servi\u00e7os p\u00fablicos de sa\u00fade, educa\u00e7\u00e3o, assist\u00eancia e outras pol\u00edticas p\u00fablicas fundamentais e garantidas pela Constitui\u00e7\u00e3o, al\u00e9m de desorganizar, ao inv\u00e9s de aperfei\u00e7oar, a administra\u00e7\u00e3o governamental.<\/p>\n<p><strong>Verdades e mentiras<\/strong><br \/>\nA Condsef\/Fenadsef vem divulgando em suas redes sociais, no Facebook, Twitter e Instagram, uma campanha que refor\u00e7a verdades e mentiras sobre o funcionalismo p\u00fablico. O objetivo \u00e9 trazer luz e esclarecer informa\u00e7\u00f5es que s\u00e3o propagadas como regra geral quando o assunto s\u00e3o servidores e servi\u00e7os p\u00fablicos. Tais m\u00e1ximas desinformam a sociedade e s\u00e3o muito usadas pelo governo e repetidas tamb\u00e9m pela grande m\u00eddia. Isso gera na popula\u00e7\u00e3o, principalmente a que mais depende de servi\u00e7os p\u00fablicos, a impress\u00e3o equivocada de que reformas feitas para enfraquecer e piorar o atendimento, abrindo campo para as privatiza\u00e7\u00f5es, s\u00e3o necess\u00e1rias.<\/p>\n<p>A sociedade passa assim a defender propostas que ser\u00e3o nocivas acreditando nas muitas mentiras propagadas sobre servidores e servi\u00e7os p\u00fablicos. &#8220;A reforma administrativa (PEC 32\/20), proposta pelo governo Bolsonaro, \u00e9 um verdadeiro tiro no p\u00e9 da popula\u00e7\u00e3o usu\u00e1ria de servi\u00e7os p\u00fablicos. Nos acompanhe nas redes e ajude a divulgar e esclarecer as verdades e mentiras sobre o funcionalismo. Essa \u00e9 uma luta di\u00e1ria e permanente em defesa do Brasil&#8221;, convocam.<\/p>\n","protected":false},"excerpt":{"rendered":"<p>Para as entidades, an\u00e1lises distorcidas como as divulgadas tamb\u00e9m pelo Instituto Millenium e pelo Banco Mundial ajudam o governo a conduzir projeto de desmonte do Estado e precisam ser confrontadas A Condsef aponta documento do Dieese que critica o estudo da Confedera\u00e7\u00e3o Nacional da Ind\u00fastria (CNI) que coloca o Brasil na s\u00e9tima posi\u00e7\u00e3o entre os pa\u00edses que mais gastam com [&hellip;]<\/p>\n","protected":false},"author":27,"featured_media":0,"comment_status":"open","ping_status":"closed","sticky":false,"template":"","format":"standard","meta":{"footnotes":""},"categories":[2719],"tags":[345,463,2768,16872,167,411,2026,18402,15589,533,1164,1169,6800,18403,1153,3010,588,58],"class_list":["post-18150","post","type-post","status-publish","format-standard","hentry","category-servidor","tag-aposentados","tag-atividades","tag-cni","tag-condserf","tag-dados","tag-deficit","tag-dieese","tag-distorce","tag-fenadsef","tag-fmi","tag-funcionalismo","tag-gastos","tag-ocde","tag-pec-32-20","tag-pessoal","tag-previdenciario","tag-rpps","tag-servidores"],"_links":{"self":[{"href":"https:\/\/blogs.correiobraziliense.com.br\/servidor\/wp-json\/wp\/v2\/posts\/18150","targetHints":{"allow":["GET"]}}],"collection":[{"href":"https:\/\/blogs.correiobraziliense.com.br\/servidor\/wp-json\/wp\/v2\/posts"}],"about":[{"href":"https:\/\/blogs.correiobraziliense.com.br\/servidor\/wp-json\/wp\/v2\/types\/post"}],"author":[{"embeddable":true,"href":"https:\/\/blogs.correiobraziliense.com.br\/servidor\/wp-json\/wp\/v2\/users\/27"}],"replies":[{"embeddable":true,"href":"https:\/\/blogs.correiobraziliense.com.br\/servidor\/wp-json\/wp\/v2\/comments?post=18150"}],"version-history":[{"count":1,"href":"https:\/\/blogs.correiobraziliense.com.br\/servidor\/wp-json\/wp\/v2\/posts\/18150\/revisions"}],"predecessor-version":[{"id":18151,"href":"https:\/\/blogs.correiobraziliense.com.br\/servidor\/wp-json\/wp\/v2\/posts\/18150\/revisions\/18151"}],"wp:attachment":[{"href":"https:\/\/blogs.correiobraziliense.com.br\/servidor\/wp-json\/wp\/v2\/media?parent=18150"}],"wp:term":[{"taxonomy":"category","embeddable":true,"href":"https:\/\/blogs.correiobraziliense.com.br\/servidor\/wp-json\/wp\/v2\/categories?post=18150"},{"taxonomy":"post_tag","embeddable":true,"href":"https:\/\/blogs.correiobraziliense.com.br\/servidor\/wp-json\/wp\/v2\/tags?post=18150"}],"curies":[{"name":"wp","href":"https:\/\/api.w.org\/{rel}","templated":true}]}}