{"id":18147,"date":"2020-10-27T14:20:40","date_gmt":"2020-10-27T17:20:40","guid":{"rendered":"https:\/\/blogs.correiobraziliense.com.br\/servidor\/?p=18147"},"modified":"2020-10-27T14:20:40","modified_gmt":"2020-10-27T17:20:40","slug":"pressao-contra-estabilidade-no-setor-publico-tambem-nos-eua","status":"publish","type":"post","link":"https:\/\/blogs.correiobraziliense.com.br\/servidor\/pressao-contra-estabilidade-no-setor-publico-tambem-nos-eua\/","title":{"rendered":"Press\u00e3o contra estabilidade no setor p\u00fablico tamb\u00e9m nos EUA"},"content":{"rendered":"<p><em><strong>Trump emite ordem geral para que servidores de carreira percam a prote\u00e7\u00e3o do servi\u00e7o p\u00fablico. Para advogado brasileiro, modelo americano \u00e9 semelhante ao proposto em PEC 32\/2020 e acarreta inseguran\u00e7a<\/strong><\/em><\/p>\n<p>Na \u00faltima quarta-feira, o presidente dos Estados Unidos (EUA), Donald Trump, emitiu uma ordem executiva que amea\u00e7a a seguran\u00e7a no emprego de cerca de dezenas de milhares de funcion\u00e1rios p\u00fablicos, o que poderia ser comparado a estabilidade no Brasil.<\/p>\n<p>De acordo com o advogado F\u00e1bio Lima, este tipo de medida seria permitida no Brasil se a PEC 32\/2020 fosse promulgada, o que acarretaria uma inseguran\u00e7a aos servidores p\u00fablicos. Para ele, a estabilidade seria restrita aos cargos t\u00edpicos de Estado, enumerados em lei ordin\u00e1ria.<\/p>\n<p>F\u00e1bio Lima explica os problemas da atual reforma administrativa, caso seja aprovada como est\u00e1. Ele fez uma analogia adaptada aos tempos de pandemia. &#8220;Agora lembre da Anvisa, que sofre press\u00e3o para n\u00e3o aprovar a vacina do Covid-19, e pense como a sua vida e de sua fam\u00edlia estaria em risco se o presidente pudesse demitir os especialistas envolvidos neste processo&#8221;, refor\u00e7a o advogado.<\/p>\n","protected":false},"excerpt":{"rendered":"<p>Trump emite ordem geral para que servidores de carreira percam a prote\u00e7\u00e3o do servi\u00e7o p\u00fablico. Para advogado brasileiro, modelo americano \u00e9 semelhante ao proposto em PEC 32\/2020 e acarreta inseguran\u00e7a Na \u00faltima quarta-feira, o presidente dos Estados Unidos (EUA), Donald Trump, emitiu uma ordem executiva que amea\u00e7a a seguran\u00e7a no emprego de cerca de dezenas de milhares de funcion\u00e1rios p\u00fablicos, [&hellip;]<\/p>\n","protected":false},"author":27,"featured_media":0,"comment_status":"open","ping_status":"closed","sticky":false,"template":"","format":"standard","meta":{"footnotes":""},"categories":[2719],"tags":[17256,15438,620,6404,4038,18170,2212,1489],"class_list":["post-18147","post","type-post","status-publish","format-standard","hentry","category-servidor","tag-covid-19","tag-donald-trump","tag-estabilidade","tag-estados-unidos","tag-eua","tag-pec-32-2020","tag-pressao","tag-setor-publico"],"_links":{"self":[{"href":"https:\/\/blogs.correiobraziliense.com.br\/servidor\/wp-json\/wp\/v2\/posts\/18147","targetHints":{"allow":["GET"]}}],"collection":[{"href":"https:\/\/blogs.correiobraziliense.com.br\/servidor\/wp-json\/wp\/v2\/posts"}],"about":[{"href":"https:\/\/blogs.correiobraziliense.com.br\/servidor\/wp-json\/wp\/v2\/types\/post"}],"author":[{"embeddable":true,"href":"https:\/\/blogs.correiobraziliense.com.br\/servidor\/wp-json\/wp\/v2\/users\/27"}],"replies":[{"embeddable":true,"href":"https:\/\/blogs.correiobraziliense.com.br\/servidor\/wp-json\/wp\/v2\/comments?post=18147"}],"version-history":[{"count":1,"href":"https:\/\/blogs.correiobraziliense.com.br\/servidor\/wp-json\/wp\/v2\/posts\/18147\/revisions"}],"predecessor-version":[{"id":18148,"href":"https:\/\/blogs.correiobraziliense.com.br\/servidor\/wp-json\/wp\/v2\/posts\/18147\/revisions\/18148"}],"wp:attachment":[{"href":"https:\/\/blogs.correiobraziliense.com.br\/servidor\/wp-json\/wp\/v2\/media?parent=18147"}],"wp:term":[{"taxonomy":"category","embeddable":true,"href":"https:\/\/blogs.correiobraziliense.com.br\/servidor\/wp-json\/wp\/v2\/categories?post=18147"},{"taxonomy":"post_tag","embeddable":true,"href":"https:\/\/blogs.correiobraziliense.com.br\/servidor\/wp-json\/wp\/v2\/tags?post=18147"}],"curies":[{"name":"wp","href":"https:\/\/api.w.org\/{rel}","templated":true}]}}