{"id":18142,"date":"2020-10-27T14:01:39","date_gmt":"2020-10-27T17:01:39","guid":{"rendered":"https:\/\/blogs.correiobraziliense.com.br\/servidor\/?p=18142"},"modified":"2020-10-27T14:01:39","modified_gmt":"2020-10-27T17:01:39","slug":"fenapef-quer-paridade-nos-concursos-para-a-policia-federal","status":"publish","type":"post","link":"https:\/\/blogs.correiobraziliense.com.br\/servidor\/fenapef-quer-paridade-nos-concursos-para-a-policia-federal\/","title":{"rendered":"Fenapef quer paridade nos concursos para a Pol\u00edcia Federal"},"content":{"rendered":"<p><em><strong>Se houver ajuste, a entidade promete apoiar o gatilho de 5%.\u00a0A Federa\u00e7\u00e3o Nacional dos Policiais Federais (Fenapef) se reuniu, na semana passada, com a Diretora de Gest\u00e3o de Pessoal, Cec\u00edlia Silva Franco, para tratar das altera\u00e7\u00f5es propostas pela categoria nos pr\u00f3ximos editais de concurso p\u00fablico para ingresso na carreira<\/strong><\/em><\/p>\n<p>O presidente da entidade, Lu\u00eds Ant\u00f4nio Boudens, e os diretores parlamentar, Marcus Firme, e de Estrat\u00e9gia Sindical, J\u00falio C\u00e9sar Nunes, explicaram a necessidade de garantir propor\u00e7\u00e3o definitiva entre os cargos e equilibrar a distribui\u00e7\u00e3o de vagas por meio dos novos concursos. Hoje, para cada delegado na ativa, h\u00e1 tr\u00eas agentes na Pol\u00edcia Federal. A Fenapef entende que a propor\u00e7\u00e3o ideal \u00e9 de um para seis e tenta garantir essa distribui\u00e7\u00e3o j\u00e1 para o pr\u00f3ximo edital.<\/p>\n<p>Outra demanda da Fenapef \u00e9 o ajuste da grade curricular exigida e a modifica\u00e7\u00e3o do edital, retirando do texto algumas inova\u00e7\u00f5es que n\u00e3o foram bem recebidas pela categoria. &#8220;A diretora de pessoal disse que se empenhar\u00e1 para ajustar o texto e atender \u00e0s demandas&#8221;, destaca a entidade.<\/p>\n<p>Em contrapartida, o presidente da Fenapef garantiu que, uma vez acertada a quest\u00e3o da propor\u00e7\u00e3o entre os cargos para o pr\u00f3ximo concurso, vai apoiar a aplica\u00e7\u00e3o do \u201cgatilho\u201d proposto pelo projeto de Lei n\u00b0 3.237\/2019, do deputado Delegado Pablo (PSL\/AM). O texto torna o concurso obrigat\u00f3rio para a Pol\u00edcia Federal sempre que o n\u00famero de cargos vagos da carreira exceda a 5% do respectivo total de cargos existentes.<\/p>\n<p>Segundo a justificativa apresentada pelo parlamentar no PL, a proposta tem como objetivo possibilitar concursos p\u00fablicos para recompor as vagas do quadro de servidores da Pol\u00edcia Federal decorrente de aposentadorias, falecimentos e outras modalidades de vac\u00e2ncias. &#8220;O projeto n\u00e3o cria vagas nem despesa para a administra\u00e7\u00e3o pP\u00fablica, apenas autoriza que seja recomposta a for\u00e7a de trabalho perdida em face dos cargos vagos&#8221;, explica a\u00a0Fenapef<\/p>\n","protected":false},"excerpt":{"rendered":"<p>Se houver ajuste, a entidade promete apoiar o gatilho de 5%.\u00a0A Federa\u00e7\u00e3o Nacional dos Policiais Federais (Fenapef) se reuniu, na semana passada, com a Diretora de Gest\u00e3o de Pessoal, Cec\u00edlia Silva Franco, para tratar das altera\u00e7\u00f5es propostas pela categoria nos pr\u00f3ximos editais de concurso p\u00fablico para ingresso na carreira O presidente da entidade, Lu\u00eds Ant\u00f4nio Boudens, e os diretores parlamentar, [&hellip;]<\/p>\n","protected":false},"author":27,"featured_media":0,"comment_status":"open","ping_status":"closed","sticky":false,"template":"","format":"standard","meta":{"footnotes":""},"categories":[2719],"tags":[229,188,23,2355,1386,107,3638,18396,160,104,12137],"class_list":["post-18142","post","type-post","status-publish","format-standard","hentry","category-servidor","tag-agentes","tag-carreira","tag-concursos","tag-delegado","tag-editais","tag-fenapef","tag-gatilho","tag-grade-curricular","tag-ingresso","tag-policia-federal","tag-proporcao"],"_links":{"self":[{"href":"https:\/\/blogs.correiobraziliense.com.br\/servidor\/wp-json\/wp\/v2\/posts\/18142","targetHints":{"allow":["GET"]}}],"collection":[{"href":"https:\/\/blogs.correiobraziliense.com.br\/servidor\/wp-json\/wp\/v2\/posts"}],"about":[{"href":"https:\/\/blogs.correiobraziliense.com.br\/servidor\/wp-json\/wp\/v2\/types\/post"}],"author":[{"embeddable":true,"href":"https:\/\/blogs.correiobraziliense.com.br\/servidor\/wp-json\/wp\/v2\/users\/27"}],"replies":[{"embeddable":true,"href":"https:\/\/blogs.correiobraziliense.com.br\/servidor\/wp-json\/wp\/v2\/comments?post=18142"}],"version-history":[{"count":1,"href":"https:\/\/blogs.correiobraziliense.com.br\/servidor\/wp-json\/wp\/v2\/posts\/18142\/revisions"}],"predecessor-version":[{"id":18143,"href":"https:\/\/blogs.correiobraziliense.com.br\/servidor\/wp-json\/wp\/v2\/posts\/18142\/revisions\/18143"}],"wp:attachment":[{"href":"https:\/\/blogs.correiobraziliense.com.br\/servidor\/wp-json\/wp\/v2\/media?parent=18142"}],"wp:term":[{"taxonomy":"category","embeddable":true,"href":"https:\/\/blogs.correiobraziliense.com.br\/servidor\/wp-json\/wp\/v2\/categories?post=18142"},{"taxonomy":"post_tag","embeddable":true,"href":"https:\/\/blogs.correiobraziliense.com.br\/servidor\/wp-json\/wp\/v2\/tags?post=18142"}],"curies":[{"name":"wp","href":"https:\/\/api.w.org\/{rel}","templated":true}]}}