{"id":18138,"date":"2020-10-27T13:45:46","date_gmt":"2020-10-27T16:45:46","guid":{"rendered":"https:\/\/blogs.correiobraziliense.com.br\/servidor\/?p=18138"},"modified":"2020-10-27T13:46:03","modified_gmt":"2020-10-27T16:46:03","slug":"covid-19-mostrou-importancia-do-funcionalismo-publico-brasileiro","status":"publish","type":"post","link":"https:\/\/blogs.correiobraziliense.com.br\/servidor\/covid-19-mostrou-importancia-do-funcionalismo-publico-brasileiro\/","title":{"rendered":"Covid-19 mostrou import\u00e2ncia do  funcionalismo p\u00fablico brasileiro"},"content":{"rendered":"<p><em><strong>Em homenagem ao Dia do Servidor, 28 de outubro, a Associa\u00e7\u00e3o dos Funcion\u00e1rios P\u00fablicos do Estado de S\u00e3o Paulo (Afpesp) lembra a relev\u00e2ncia de funcion\u00e1rios que est\u00e3o na linha de frente do combate \u00e0 pandemia, servidores federais, estaduais e municipais<\/strong><\/em><\/p>\n<p>O presidente da Afpesp, o m\u00e9dico \u00c1lvaro Gradim, ressalta que, \u201cneste 28 de outubro, Dia do Servidor P\u00fablico, cabe enfatizar o significado da categoria, nem sempre valorizada em sua real dimens\u00e3o e muito pressionada pelo Estado toda vez que se fala em requacionamento or\u00e7ament\u00e1rio\u201d. Como exemplos, ele cita a atual proposta de reforma administrativa da Uni\u00e3o e medidas do governo de S\u00e3o Paulo, que extinguiu organismos importantes no rec\u00e9m-aprovado ajuste fiscal e tem reduzido os sal\u00e1rios l\u00edquidos com aumentos dos descontos da contribui\u00e7\u00e3o previdenci\u00e1ria.<\/p>\n<p>Para demonstrar a relev\u00e2ncia do trabalho do funcionalismo, Gradim observa que, na \u00faltima tabula\u00e7\u00e3o do recadastramento dos quadros do governo paulista, constatou-se que 61,4% dos servidores atuam diretamente no atendimento ao p\u00fablico. \u201cS\u00e3o milhares de profissionais da sa\u00fade, que est\u00e3o travando dura luta contra a pandemia, professores, que salvaram o ano letivo num imenso esfor\u00e7o para lecionar on-line, policiais civis e militares, que est\u00e3o na rua defendendo a popula\u00e7\u00e3o, bombeiros, pesquisadores e cientistas das universidades p\u00fablicas e todos os que atuam no suporte a essas atividades, inclusive no plano administrativo\u201d.<\/p>\n<p>S\u00e3o exatamente os ocupantes de cargos an\u00e1logos a esses os maiores prejudicados na Proposta de Emenda \u00e0 Constitui\u00e7\u00e3o que institui novo marco legal para a administra\u00e7\u00e3o p\u00fablica, que agrava diferen\u00e7as salariais, privil\u00e9gios e assimetria de direitos, atingindo somente quem ganha menos, pondera o presidente da Afpesp. \u201cN\u00e3o \u00e9 correto que arquem com o rombo fiscal, \u00e0 medida que ganham menos e n\u00e3o t\u00eam os mesmos privil\u00e9gios daqueles que est\u00e3o sendo poupados pela proposta, um projeto injusto e infrut\u00edfero quanto aos objetivos de contribuir para o equil\u00edbrio fiscal\u201d.<\/p>\n<p><strong>Exemplos na luta contra a pandemia<\/strong><\/p>\n<p>\u201cCertamente, a popula\u00e7\u00e3o brasileira teria dificuldades muito maiores para enfrentar o novo coronav\u00edrus se n\u00e3o fosse o trabalho incans\u00e1vel do funcionalismo\u201d, afirma Gradim, salientando que a pandemia refor\u00e7ou a necessidade de investimentos para melhorar cada vez mais a qualidade e as trabalho do servi\u00e7o p\u00fablico. Em S\u00e3o Paulo, v\u00e1rios \u00f3rg\u00e3os t\u00eam se destacado.<\/p>\n<p>Um caso emblem\u00e1tico \u00e9 o Instituto Butantan, reconhecido h\u00e1 d\u00e9cadas como refer\u00eancia na produ\u00e7\u00e3o de imunizantes, que \u00e9 o respons\u00e1vel pela produ\u00e7\u00e3o brasileira da vacina contra a Covid-19 desenvolvida em conjunto com a chinesa Sinovac Life Science. A institui\u00e7\u00e3o p\u00fablica paulista recebeu doses para serem testadas entre volunt\u00e1rios e produzir\u00e1 lotes para o Estado e o para o pa\u00eds. Ser\u00e3o 40 milh\u00f5es de doses inicialmente. A nova f\u00e1brica de vacinas contra o coronav\u00edrus no Butantan come\u00e7ou a ser constru\u00edda em outubro, com capacidade para produzir 100 milh\u00f5es de doses anuais.<\/p>\n<p>O Centro de Refer\u00eancia para Imunobiol\u00f3gicos Especiais (CRIE) da Universidade Federal de S\u00e3o Paulo (Unifesp) \u00e9 a respons\u00e1vel pelos testes para a vacina desenvolvida pela Universidade de Oxford em conjunto com a AstraZeneca e que ser\u00e1 produzida no Brasil por outra institui\u00e7\u00e3o p\u00fablica, a Funda\u00e7\u00e3o Osvaldo Cruz (Fiocruz). Dois mil volunt\u00e1rios est\u00e3o participando dos testes, com viabiliza\u00e7\u00e3o financeira faz Funda\u00e7\u00e3o Lemann.<\/p>\n<p>Duas universidades p\u00fablicas paulistas est\u00e3o desenvolvendo uma vacina totalmente made in Brasil. Cientistas da USP e da Unicamp trabalham em uma vacina por spray nasal contra o novo coronav\u00edrus, usando a nanotecnologia. O imunizante est\u00e1 em per\u00edodo de testes pr\u00e9-cl\u00ednicos. A expectativa \u00e9 a de que os testes em humanos comecem em janeiro ou fevereiro de 2021.<\/p>\n<p>Um grupo de alunos da Faculdade de Medicina da USP tamb\u00e9m desenvolveu um projeto para ajudar a combater a Covid-19 nas periferias. Logo no in\u00edcio da pandemia no Brasil, os estudantes come\u00e7aram a pensar em solu\u00e7\u00f5es que pudessem ser aplicadas em conjunto com a associa\u00e7\u00e3o de moradores da Comunidade S\u00e3o Remo, pr\u00f3xima de um dos principais campi da Universidade de S\u00e3o Paulo, na Zona Oeste da capital paulista.<\/p>\n<p>O projeto, batizado de Preta.ID foi selecionado no edital de Doa\u00e7\u00f5es Emergenciais do Fundo Baob\u00e1, dedicado exclusivamente \u00e0 promo\u00e7\u00e3o da equidade racial para a popula\u00e7\u00e3o negra no Brasil. Eles receberam uma verba de R$ 2,5 mil, revertida em doa\u00e7\u00f5es de kits de higiene e limpeza e uma cartilha para as mais de 70 fam\u00edlias da comunidade. Dentre outras a\u00e7\u00f5es, os estudantes criaram totens de \u00e1lcool em gel para serem instalados em alguns pontos da comunidade.<\/p>\n<p>&nbsp;<\/p>\n","protected":false},"excerpt":{"rendered":"<p>Em homenagem ao Dia do Servidor, 28 de outubro, a Associa\u00e7\u00e3o dos Funcion\u00e1rios P\u00fablicos do Estado de S\u00e3o Paulo (Afpesp) lembra a relev\u00e2ncia de funcion\u00e1rios que est\u00e3o na linha de frente do combate \u00e0 pandemia, servidores federais, estaduais e municipais O presidente da Afpesp, o m\u00e9dico \u00c1lvaro Gradim, ressalta que, \u201cneste 28 de outubro, Dia do Servidor P\u00fablico, cabe enfatizar [&hellip;]<\/p>\n","protected":false},"author":27,"featured_media":0,"comment_status":"open","ping_status":"closed","sticky":false,"template":"","format":"standard","meta":{"footnotes":""},"categories":[2719],"tags":[17722,4095,56,1689,59,1341,1690,318,17255,549,15938],"class_list":["post-18138","post","type-post","status-publish","format-standard","hentry","category-servidor","tag-afpesp","tag-dia-do-servidor","tag-estado","tag-estaduais","tag-federais","tag-funcionarios","tag-municipais","tag-orcamento","tag-pandemia","tag-previdencia","tag-reforma-administrativa"],"_links":{"self":[{"href":"https:\/\/blogs.correiobraziliense.com.br\/servidor\/wp-json\/wp\/v2\/posts\/18138","targetHints":{"allow":["GET"]}}],"collection":[{"href":"https:\/\/blogs.correiobraziliense.com.br\/servidor\/wp-json\/wp\/v2\/posts"}],"about":[{"href":"https:\/\/blogs.correiobraziliense.com.br\/servidor\/wp-json\/wp\/v2\/types\/post"}],"author":[{"embeddable":true,"href":"https:\/\/blogs.correiobraziliense.com.br\/servidor\/wp-json\/wp\/v2\/users\/27"}],"replies":[{"embeddable":true,"href":"https:\/\/blogs.correiobraziliense.com.br\/servidor\/wp-json\/wp\/v2\/comments?post=18138"}],"version-history":[{"count":2,"href":"https:\/\/blogs.correiobraziliense.com.br\/servidor\/wp-json\/wp\/v2\/posts\/18138\/revisions"}],"predecessor-version":[{"id":18140,"href":"https:\/\/blogs.correiobraziliense.com.br\/servidor\/wp-json\/wp\/v2\/posts\/18138\/revisions\/18140"}],"wp:attachment":[{"href":"https:\/\/blogs.correiobraziliense.com.br\/servidor\/wp-json\/wp\/v2\/media?parent=18138"}],"wp:term":[{"taxonomy":"category","embeddable":true,"href":"https:\/\/blogs.correiobraziliense.com.br\/servidor\/wp-json\/wp\/v2\/categories?post=18138"},{"taxonomy":"post_tag","embeddable":true,"href":"https:\/\/blogs.correiobraziliense.com.br\/servidor\/wp-json\/wp\/v2\/tags?post=18138"}],"curies":[{"name":"wp","href":"https:\/\/api.w.org\/{rel}","templated":true}]}}