{"id":18092,"date":"2020-10-22T13:16:36","date_gmt":"2020-10-22T16:16:36","guid":{"rendered":"https:\/\/blogs.correiobraziliense.com.br\/servidor\/?p=18092"},"modified":"2020-10-22T13:17:13","modified_gmt":"2020-10-22T16:17:13","slug":"ajufe-parabeniza-futuro-ministro-do-stf-kassio-nunes-marques","status":"publish","type":"post","link":"https:\/\/blogs.correiobraziliense.com.br\/servidor\/ajufe-parabeniza-futuro-ministro-do-stf-kassio-nunes-marques\/","title":{"rendered":"Ajufe parabeniza futuro ministro do STF, Kassio Nunes Marques"},"content":{"rendered":"<p><em><strong>Na nota p\u00fablica, a Associa\u00e7\u00e3o dos Ju\u00edzes Federais do Brasil (Ajufe) afirma que &#8220;acredita que o futuro ministro conseguir\u00e1 aplicar, da melhor forma poss\u00edvel, a experi\u00eancia adquirida ao longo dos anos na Justi\u00e7a Federal&#8221;. Kassio Marques \u00e9 desembargador federal h\u00e1 10 anos e associado da entidade<\/strong><\/em><\/p>\n<p>Veja a nota:<\/p>\n<p>&#8220;A Associa\u00e7\u00e3o dos Ju\u00edzes Federais do Brasil (Ajufe) recebe com muita alegria a aprova\u00e7\u00e3o do associado Kassio Nunes Marques no plen\u00e1rio do Senado Federal para integrar o Supremo Tribunal Federal (STF). Ap\u00f3s uma longa e criteriosa sabatina na Comiss\u00e3o de Constitui\u00e7\u00e3o e Justi\u00e7a (CCJ), a indica\u00e7\u00e3o foi acatada por ampla maioria dos Senadores. A entidade acredita que o futuro ministro conseguir\u00e1 aplicar, da melhor forma poss\u00edvel, a experi\u00eancia adquirida ao longo dos anos na Justi\u00e7a Federal.<\/p>\n<p>A Ajufe vem defendendo h\u00e1 anos a necessidade de contar com membros da magistratura federal na Suprema Corte do pa\u00eds. Nesse sentido, Kassio Nunes Marques contempla essa aspira\u00e7\u00e3o e ir\u00e1 desempenhar a nova fun\u00e7\u00e3o que recebeu com equil\u00edbrio, zelo e compet\u00eancia t\u00e9cnica. A viv\u00eancia adquirida na justi\u00e7a federal vai contribuir no ambiente do colegiado, principalmente, nas discuss\u00f5es dos temas complexos de compet\u00eancia pr\u00f3pria do Judici\u00e1rio da Uni\u00e3o.<\/p>\n<p>Bras\u00edlia, 22 de outubro de 2020<br \/>\nAssocia\u00e7\u00e3o dos Ju\u00edzes Federais do Brasil &#8211; Ajufe&#8221;<\/p>\n","protected":false},"excerpt":{"rendered":"<p>Na nota p\u00fablica, a Associa\u00e7\u00e3o dos Ju\u00edzes Federais do Brasil (Ajufe) afirma que &#8220;acredita que o futuro ministro conseguir\u00e1 aplicar, da melhor forma poss\u00edvel, a experi\u00eancia adquirida ao longo dos anos na Justi\u00e7a Federal&#8221;. Kassio Marques \u00e9 desembargador federal h\u00e1 10 anos e associado da entidade Veja a nota: &#8220;A Associa\u00e7\u00e3o dos Ju\u00edzes Federais do Brasil (Ajufe) recebe com muita [&hellip;]<\/p>\n","protected":false},"author":27,"featured_media":0,"comment_status":"open","ping_status":"closed","sticky":false,"template":"","format":"standard","meta":{"footnotes":""},"categories":[2719],"tags":[1405,1497,2187,976,18380,35,696,34],"class_list":["post-18092","post","type-post","status-publish","format-standard","hentry","category-servidor","tag-ajufe","tag-aprovacao","tag-ccj","tag-desembargador","tag-kassio-marques","tag-ministro","tag-senado","tag-stf"],"_links":{"self":[{"href":"https:\/\/blogs.correiobraziliense.com.br\/servidor\/wp-json\/wp\/v2\/posts\/18092","targetHints":{"allow":["GET"]}}],"collection":[{"href":"https:\/\/blogs.correiobraziliense.com.br\/servidor\/wp-json\/wp\/v2\/posts"}],"about":[{"href":"https:\/\/blogs.correiobraziliense.com.br\/servidor\/wp-json\/wp\/v2\/types\/post"}],"author":[{"embeddable":true,"href":"https:\/\/blogs.correiobraziliense.com.br\/servidor\/wp-json\/wp\/v2\/users\/27"}],"replies":[{"embeddable":true,"href":"https:\/\/blogs.correiobraziliense.com.br\/servidor\/wp-json\/wp\/v2\/comments?post=18092"}],"version-history":[{"count":2,"href":"https:\/\/blogs.correiobraziliense.com.br\/servidor\/wp-json\/wp\/v2\/posts\/18092\/revisions"}],"predecessor-version":[{"id":18094,"href":"https:\/\/blogs.correiobraziliense.com.br\/servidor\/wp-json\/wp\/v2\/posts\/18092\/revisions\/18094"}],"wp:attachment":[{"href":"https:\/\/blogs.correiobraziliense.com.br\/servidor\/wp-json\/wp\/v2\/media?parent=18092"}],"wp:term":[{"taxonomy":"category","embeddable":true,"href":"https:\/\/blogs.correiobraziliense.com.br\/servidor\/wp-json\/wp\/v2\/categories?post=18092"},{"taxonomy":"post_tag","embeddable":true,"href":"https:\/\/blogs.correiobraziliense.com.br\/servidor\/wp-json\/wp\/v2\/tags?post=18092"}],"curies":[{"name":"wp","href":"https:\/\/api.w.org\/{rel}","templated":true}]}}