{"id":18081,"date":"2020-10-21T18:32:36","date_gmt":"2020-10-21T21:32:36","guid":{"rendered":"https:\/\/blogs.correiobraziliense.com.br\/servidor\/?p=18081"},"modified":"2020-10-21T18:32:36","modified_gmt":"2020-10-21T21:32:36","slug":"facebook-desativa-pagina-da-campanha-em-defesa-do-servico-publico-contra-a-reforma-administrativa","status":"publish","type":"post","link":"https:\/\/blogs.correiobraziliense.com.br\/servidor\/facebook-desativa-pagina-da-campanha-em-defesa-do-servico-publico-contra-a-reforma-administrativa\/","title":{"rendered":"Facebook desativa p\u00e1gina da Campanha em Defesa do Servi\u00e7o P\u00fablico contra a Reforma Administrativa"},"content":{"rendered":"<p><em><strong>O F\u00f3rum das Entidades Nacionais dos Servidores P\u00fablicos Federais (Fonasefe) denuncia e divulga nota de rep\u00fadio &#8220;\u00e0 persegui\u00e7\u00e3o do Facebook&#8221;<\/strong><\/em><\/p>\n<p>&#8220;Para o Fonasefe est\u00e1 muito claro o motivo da desativa\u00e7\u00e3o da p\u00e1gina da campanha: trata-se de persegui\u00e7\u00e3o pol\u00edtica e cerceamento ao direito \u00e0 liberdade de express\u00e3o, como temos observado, por exemplo, em bloqueios das redes sociais de Mark Zuckerberg contra outras campanhas politicas e eleitorais do campo progressista&#8221;, destaca a entidade.<\/p>\n<p>Veja a nota:<\/p>\n<p>&#8220;O Fonasefe (F\u00f3rum das Entidades Nacionais dos Servidores P\u00fablicos Federais) vem a p\u00fablico denunciar que o Facebook desativou arbitrariamente a p\u00e1gina da Campanha em Defesa do Servi\u00e7o P\u00fablico Contra a Reforma Administrativa levada a cabo pelos servidores p\u00fablicos federais.<\/p>\n<p>A desativa\u00e7\u00e3o ocorre durante a pandemia, num momento crucial em que o governo Bolsonaro e a maioria do Congresso Nacional buscam prejudicar o povo brasileiro novamente. A Reforma Administrativa proposta por Paulo Guedes acabar\u00e1 com os concursos p\u00fablicos na pr\u00e1tica, ampliar\u00e1 a terceiriza\u00e7\u00e3o e a privatiza\u00e7\u00e3o de servi\u00e7os p\u00fablicos essenciais como sa\u00fade e educa\u00e7\u00e3o.<\/p>\n<p>Isso aumentar\u00e1 a desigualdade social e a corrup\u00e7\u00e3o no pa\u00eds, com a destrui\u00e7\u00e3o desses servi\u00e7os e com o aumento dos cabides de emprego e de pr\u00e1ticas como a rachadinha de sal\u00e1rios entre funcion\u00e1rios comissionados e pol\u00edticos.<\/p>\n<p>\u00c9 not\u00f3rio e est\u00e1 sendo divulgado em diversos meios de comunica\u00e7\u00e3o nos \u00faltimos meses que o Facebook tem restringido as postagens pol\u00edticas e isso atinge diretamente as organiza\u00e7\u00f5es sindicais e os partidos de oposi\u00e7\u00e3o ao governo Bolsonaro. Apesar de ser uma organiza\u00e7\u00e3o privada, o Facebook n\u00e3o est\u00e1 acima da Constitui\u00e7\u00e3o brasileira, que defende o direito \u00e0 liberdade de express\u00e3o.<\/p>\n<p>A p\u00e1gina de nossa campanha sofreu uma primeira desativa\u00e7\u00e3o tempor\u00e1ria no in\u00edcio da tarde do dia 30\/09\/2020, justamente na data de um grande ato em defesa do servi\u00e7o p\u00fablico em seria usada para fazer sua transmiss\u00e3o, e depois foi reativada no per\u00edodo da noite do mesmo dia.<\/p>\n<p>Depois, no dia 08\/10\/2020, o Facebook nos enviou nova mensagem de desativa\u00e7\u00e3o. Solicitamos an\u00e1lise e o Facebook nos respondeu com a seguinte mensagem em 09\/10\/2020: \u201cVoc\u00ea n\u00e3o pode usar o Facebook porque a sua conta, ou a atividade nela, n\u00e3o seguiu os padr\u00f5es de nossa Comunidade. N\u00f3s j\u00e1 analisamos essa decis\u00e3o e ela n\u00e3o pode ser revertida. Para saber mais sobre os motivos pelos quais desativamos contas, acesse os padr\u00f5es da Comunidade\u201d. E nada mais.<\/p>\n<p>Para o Fonasefe est\u00e1 muito claro o motivo da desativa\u00e7\u00e3o da p\u00e1gina da campanha: trata-se de persegui\u00e7\u00e3o pol\u00edtica e cerceamento ao direito \u00e0 liberdade de express\u00e3o, como temos observado, por exemplo, em bloqueios das redes sociais de Mark Zuckerberg contra outras campanhas politicas e eleitorais do campo progressista.<\/p>\n<p>A nossa p\u00e1gina ataca diretamente os interesses pol\u00edticos do governo e dos empres\u00e1rios do pa\u00eds, que desejam destruir os servi\u00e7os p\u00fablicos com a Reforma Administrativa para que o povo seja obrigado a pagar por servi\u00e7os privados.<\/p>\n<p>Por isso, o Fonasefe repudia as pr\u00e1ticas antidemocr\u00e1ticas do Facebook, convoca a todos aqueles que defendem a democracia e a liberdade de express\u00e3o a se juntarem \u00e0 luta pela reativa\u00e7\u00e3o da p\u00e1gina da Campanha e informa que vai tomar as medidas legais cab\u00edveis contra esse absurdo. N\u00e3o v\u00e3o nos calar!<\/p>\n<p>FONASEFE, 20\/10\/2020&#8221;<\/p>\n","protected":false},"excerpt":{"rendered":"<p>O F\u00f3rum das Entidades Nacionais dos Servidores P\u00fablicos Federais (Fonasefe) denuncia e divulga nota de rep\u00fadio &#8220;\u00e0 persegui\u00e7\u00e3o do Facebook&#8221; &#8220;Para o Fonasefe est\u00e1 muito claro o motivo da desativa\u00e7\u00e3o da p\u00e1gina da campanha: trata-se de persegui\u00e7\u00e3o pol\u00edtica e cerceamento ao direito \u00e0 liberdade de express\u00e3o, como temos observado, por exemplo, em bloqueios das redes sociais de Mark Zuckerberg contra [&hellip;]<\/p>\n","protected":false},"author":27,"featured_media":0,"comment_status":"open","ping_status":"closed","sticky":false,"template":"","format":"standard","meta":{"footnotes":""},"categories":[2719],"tags":[305,15965,1201,18373,7620,1758,2888,7421,1757,3199,2149,3590,15938,575,58],"class_list":["post-18081","post","type-post","status-publish","format-standard","hentry","category-servidor","tag-campanha","tag-cerceamento","tag-defesa","tag-desativa","tag-eleitorais","tag-expressao","tag-facebook","tag-fonasefe","tag-liberdade","tag-pagina","tag-perseguicao","tag-progressista","tag-reforma-administrativa","tag-servico-publico","tag-servidores"],"_links":{"self":[{"href":"https:\/\/blogs.correiobraziliense.com.br\/servidor\/wp-json\/wp\/v2\/posts\/18081","targetHints":{"allow":["GET"]}}],"collection":[{"href":"https:\/\/blogs.correiobraziliense.com.br\/servidor\/wp-json\/wp\/v2\/posts"}],"about":[{"href":"https:\/\/blogs.correiobraziliense.com.br\/servidor\/wp-json\/wp\/v2\/types\/post"}],"author":[{"embeddable":true,"href":"https:\/\/blogs.correiobraziliense.com.br\/servidor\/wp-json\/wp\/v2\/users\/27"}],"replies":[{"embeddable":true,"href":"https:\/\/blogs.correiobraziliense.com.br\/servidor\/wp-json\/wp\/v2\/comments?post=18081"}],"version-history":[{"count":1,"href":"https:\/\/blogs.correiobraziliense.com.br\/servidor\/wp-json\/wp\/v2\/posts\/18081\/revisions"}],"predecessor-version":[{"id":18082,"href":"https:\/\/blogs.correiobraziliense.com.br\/servidor\/wp-json\/wp\/v2\/posts\/18081\/revisions\/18082"}],"wp:attachment":[{"href":"https:\/\/blogs.correiobraziliense.com.br\/servidor\/wp-json\/wp\/v2\/media?parent=18081"}],"wp:term":[{"taxonomy":"category","embeddable":true,"href":"https:\/\/blogs.correiobraziliense.com.br\/servidor\/wp-json\/wp\/v2\/categories?post=18081"},{"taxonomy":"post_tag","embeddable":true,"href":"https:\/\/blogs.correiobraziliense.com.br\/servidor\/wp-json\/wp\/v2\/tags?post=18081"}],"curies":[{"name":"wp","href":"https:\/\/api.w.org\/{rel}","templated":true}]}}