{"id":1807,"date":"2016-06-06T13:03:43","date_gmt":"2016-06-06T16:03:43","guid":{"rendered":"https:\/\/blogs.correiobraziliense.com.br\/servidor\/?p=1807"},"modified":"2016-06-06T13:34:17","modified_gmt":"2016-06-06T16:34:17","slug":"ministerio-da-fazenda-reajuste-do-funcionalismo-esta-sujeito-ao-teto-constitucional","status":"publish","type":"post","link":"https:\/\/blogs.correiobraziliense.com.br\/servidor\/ministerio-da-fazenda-reajuste-do-funcionalismo-esta-sujeito-ao-teto-constitucional\/","title":{"rendered":"Minist\u00e9rio da Fazenda nega diverg\u00eancia com Temer e garante que reajuste do funcionalismo est\u00e1 sujeito ao teto constitucional"},"content":{"rendered":"<p><i><span style=\"font-size: 12pt;font-family: 'Helvetica',sans-serif\">\u00d3rg\u00e3o nega diverg\u00eancia com o presidente interino, Michel Temer, e destaca que, se aprovada, PEC adotar\u00e1 valores considerados no Or\u00e7amento deste ano e prev\u00ea que n\u00e3o haver\u00e1 crescimento real do gasto p\u00fablico<\/span><\/i><\/p>\n<p>Por meio de nota, o Minist\u00e9rio da Fazenda informou que &#8220;o governo j\u00e1 anunciou que vai propor ao Congresso Nacional emenda constitucional que limitar\u00e1, pela primeira vez, o crescimento do gasto p\u00fablico e proporcionar\u00e1 o necess\u00e1rio ajuste estrutural das contas p\u00fablicas&#8221;.<\/p>\n<p>Essa proposta de emenda constitucional (PEC), detalhou o \u00f3rg\u00e3o, adotar\u00e1 os valores considerados no Or\u00e7amento deste ano e definir\u00e1 que n\u00e3o haver\u00e1 crescimento real, ou seja, esses valores ser\u00e3o reajustados com base na infla\u00e7\u00e3o medida no ano anterior.<\/p>\n<p>&#8220;\u00c9 prerrogativa do Congresso Nacional decidir onde os recursos p\u00fablicos ser\u00e3o alocados, respeitando esse novo limite constitucional, caso a PEC seja aprovada. O reajuste do funcionalismo estar\u00e1 sujeito ao limite constitucional de gastos. Portanto, n\u00e3o h\u00e1 nenhuma diverg\u00eancia entre o Minist\u00e9rio da Fazenda e o presidente da Rep\u00fablica em exerc\u00edcio Michel Temer&#8221;, assinalou.<\/p>\n","protected":false},"excerpt":{"rendered":"<p>\u00d3rg\u00e3o nega diverg\u00eancia com o presidente interino, Michel Temer, e destaca que, se aprovada, PEC adotar\u00e1 valores considerados no Or\u00e7amento deste ano e prev\u00ea que n\u00e3o haver\u00e1 crescimento real do gasto p\u00fablico Por meio de nota, o Minist\u00e9rio da Fazenda informou que &#8220;o governo j\u00e1 anunciou que vai propor ao Congresso Nacional emenda constitucional que limitar\u00e1, pela primeira vez, o [&hellip;]<\/p>\n","protected":false},"author":27,"featured_media":0,"comment_status":"open","ping_status":"closed","sticky":false,"template":"","format":"standard","meta":{"footnotes":""},"categories":[1],"tags":[1679,2153,1164,2154,810,2152,318,2156,63,2155,642,1808],"class_list":["post-1807","post","type-post","status-publish","format-standard","hentry","category-sem-categoria","tag-constitucional","tag-divergencia","tag-funcionalismo","tag-mchel-gemer","tag-ministerio-da-fazenda","tag-nega","tag-orcamento","tag-pec","tag-reajuste","tag-sujeito","tag-teto","tag-valores"],"_links":{"self":[{"href":"https:\/\/blogs.correiobraziliense.com.br\/servidor\/wp-json\/wp\/v2\/posts\/1807","targetHints":{"allow":["GET"]}}],"collection":[{"href":"https:\/\/blogs.correiobraziliense.com.br\/servidor\/wp-json\/wp\/v2\/posts"}],"about":[{"href":"https:\/\/blogs.correiobraziliense.com.br\/servidor\/wp-json\/wp\/v2\/types\/post"}],"author":[{"embeddable":true,"href":"https:\/\/blogs.correiobraziliense.com.br\/servidor\/wp-json\/wp\/v2\/users\/27"}],"replies":[{"embeddable":true,"href":"https:\/\/blogs.correiobraziliense.com.br\/servidor\/wp-json\/wp\/v2\/comments?post=1807"}],"version-history":[{"count":4,"href":"https:\/\/blogs.correiobraziliense.com.br\/servidor\/wp-json\/wp\/v2\/posts\/1807\/revisions"}],"predecessor-version":[{"id":1811,"href":"https:\/\/blogs.correiobraziliense.com.br\/servidor\/wp-json\/wp\/v2\/posts\/1807\/revisions\/1811"}],"wp:attachment":[{"href":"https:\/\/blogs.correiobraziliense.com.br\/servidor\/wp-json\/wp\/v2\/media?parent=1807"}],"wp:term":[{"taxonomy":"category","embeddable":true,"href":"https:\/\/blogs.correiobraziliense.com.br\/servidor\/wp-json\/wp\/v2\/categories?post=1807"},{"taxonomy":"post_tag","embeddable":true,"href":"https:\/\/blogs.correiobraziliense.com.br\/servidor\/wp-json\/wp\/v2\/tags?post=1807"}],"curies":[{"name":"wp","href":"https:\/\/api.w.org\/{rel}","templated":true}]}}