{"id":1805,"date":"2016-06-06T12:57:43","date_gmt":"2016-06-06T15:57:43","guid":{"rendered":"https:\/\/blogs.correiobraziliense.com.br\/servidor\/?p=1805"},"modified":"2016-06-06T12:57:43","modified_gmt":"2016-06-06T15:57:43","slug":"centrais-sindicais-farao-ato-contra-juros-altos-amanha-2","status":"publish","type":"post","link":"https:\/\/blogs.correiobraziliense.com.br\/servidor\/centrais-sindicais-farao-ato-contra-juros-altos-amanha-2\/","title":{"rendered":"CENTRAIS SINDICAIS FAR\u00c3O ATO CONTRA JUROS ALTOS, AMANH\u00c3"},"content":{"rendered":"<p>&nbsp;<\/p>\n<p><i>Manifesta\u00e7\u00e3o ser\u00e1 \u00e0s 10h30, na Avenida Paulista, em frente ao Banco Central<\/i><\/p>\n<p>As centrais sindicais (For\u00e7a Sindical, UGT, NCST e CSB) far\u00e3o, nesta ter\u00e7a-feira\u00a0(07), \u00e0s 10h30, um protesto contra os juros altos em frente \u00e0 sede do Banco Central, na Avenida Paulista, 1.804, em S\u00e3o Paulo.<\/p>\n<p>O ato das centrais acontece no dia em que a reuni\u00e3o do Copom (Comit\u00ea de Pol\u00edtica Monet\u00e1ria) se inicia para decidir sobre a taxa b\u00e1sica de juros, que ser\u00e1 divulgada na quarta-feira (dia 08).<\/p>\n<p><b>AGENDA:<\/b><\/p>\n<p><b>Protesto das centrais sindicais\u00a0contra os juros altos<\/b><\/p>\n<p><b>Data:<\/b>\u00a007\u00a0de junho<br \/>\n<b>Hor\u00e1rio:<\/b> 10h30<br \/>\n<b>Local:<\/b> em frente ao Banco Central<br \/>\n<b>Endere\u00e7o:<\/b> Avenida Paulista, 1.804 -S\u00e3o Paulo<\/p>\n","protected":false},"excerpt":{"rendered":"<p>&nbsp; Manifesta\u00e7\u00e3o ser\u00e1 \u00e0s 10h30, na Avenida Paulista, em frente ao Banco Central As centrais sindicais (For\u00e7a Sindical, UGT, NCST e CSB) far\u00e3o, nesta ter\u00e7a-feira\u00a0(07), \u00e0s 10h30, um protesto contra os juros altos em frente \u00e0 sede do Banco Central, na Avenida Paulista, 1.804, em S\u00e3o Paulo. O ato das centrais acontece no dia em que a reuni\u00e3o do Copom [&hellip;]<\/p>\n","protected":false},"author":27,"featured_media":0,"comment_status":"open","ping_status":"closed","sticky":false,"template":"","format":"standard","meta":{"footnotes":""},"categories":[1],"tags":[2151,21,1236,2150,177,1104,1102,1260],"class_list":["post-1805","post","type-post","status-publish","format-standard","hentry","category-sem-categoria","tag-alto","tag-ato","tag-banco-central","tag-cntrais","tag-contra","tag-copom","tag-juros","tag-sindicais"],"_links":{"self":[{"href":"https:\/\/blogs.correiobraziliense.com.br\/servidor\/wp-json\/wp\/v2\/posts\/1805","targetHints":{"allow":["GET"]}}],"collection":[{"href":"https:\/\/blogs.correiobraziliense.com.br\/servidor\/wp-json\/wp\/v2\/posts"}],"about":[{"href":"https:\/\/blogs.correiobraziliense.com.br\/servidor\/wp-json\/wp\/v2\/types\/post"}],"author":[{"embeddable":true,"href":"https:\/\/blogs.correiobraziliense.com.br\/servidor\/wp-json\/wp\/v2\/users\/27"}],"replies":[{"embeddable":true,"href":"https:\/\/blogs.correiobraziliense.com.br\/servidor\/wp-json\/wp\/v2\/comments?post=1805"}],"version-history":[{"count":1,"href":"https:\/\/blogs.correiobraziliense.com.br\/servidor\/wp-json\/wp\/v2\/posts\/1805\/revisions"}],"predecessor-version":[{"id":1806,"href":"https:\/\/blogs.correiobraziliense.com.br\/servidor\/wp-json\/wp\/v2\/posts\/1805\/revisions\/1806"}],"wp:attachment":[{"href":"https:\/\/blogs.correiobraziliense.com.br\/servidor\/wp-json\/wp\/v2\/media?parent=1805"}],"wp:term":[{"taxonomy":"category","embeddable":true,"href":"https:\/\/blogs.correiobraziliense.com.br\/servidor\/wp-json\/wp\/v2\/categories?post=1805"},{"taxonomy":"post_tag","embeddable":true,"href":"https:\/\/blogs.correiobraziliense.com.br\/servidor\/wp-json\/wp\/v2\/tags?post=1805"}],"curies":[{"name":"wp","href":"https:\/\/api.w.org\/{rel}","templated":true}]}}