{"id":18049,"date":"2020-10-20T16:51:22","date_gmt":"2020-10-20T19:51:22","guid":{"rendered":"https:\/\/blogs.correiobraziliense.com.br\/servidor\/?p=18049"},"modified":"2020-10-20T16:51:22","modified_gmt":"2020-10-20T19:51:22","slug":"tst-inicia-etapa-preliminar-para-retorno-ao-trabalho-presencial","status":"publish","type":"post","link":"https:\/\/blogs.correiobraziliense.com.br\/servidor\/tst-inicia-etapa-preliminar-para-retorno-ao-trabalho-presencial\/","title":{"rendered":"TST inicia etapa preliminar para retorno ao trabalho presencial"},"content":{"rendered":"<p><em><strong>O Tribunal Superior do Trabalho (TST) come\u00e7ar\u00e1, a partir de 3 de novembro, a etapa preliminar de retorno ao trabalho presencial, com todas as a\u00e7\u00f5es de preven\u00e7\u00e3o ao cont\u00e1gio pela Covid-19. De in\u00edcio, n\u00e3o haver\u00e1 abertura ao p\u00fablico externo. Somente retornar\u00e3o, servidores dos gabinetes dos ministros e os de atividades essenciais<\/strong><\/em><\/p>\n<p><img loading=\"lazy\" decoding=\"async\" class=\"alignright size-full wp-image-18050\" src=\"https:\/\/blogs.correiobraziliense.com.br\/servidor\/wp-content\/uploads\/sites\/10\/2020\/10\/TST-RETOMADA-PRESENCIAL.png\" alt=\"\" width=\"600\" height=\"400\" srcset=\"https:\/\/blogs.correiobraziliense.com.br\/servidor\/wp-content\/uploads\/sites\/10\/2020\/10\/TST-RETOMADA-PRESENCIAL.png 600w, https:\/\/blogs.correiobraziliense.com.br\/servidor\/wp-content\/uploads\/sites\/10\/2020\/10\/TST-RETOMADA-PRESENCIAL-300x200.png 300w, https:\/\/blogs.correiobraziliense.com.br\/servidor\/wp-content\/uploads\/sites\/10\/2020\/10\/TST-RETOMADA-PRESENCIAL-550x367.png 550w, https:\/\/blogs.correiobraziliense.com.br\/servidor\/wp-content\/uploads\/sites\/10\/2020\/10\/TST-RETOMADA-PRESENCIAL-230x153.png 230w\" sizes=\"auto, (max-width: 600px) 100vw, 600px\" \/><\/p>\n<p>Servidores e colaboradores com 60 anos ou mais, gestantes, portadores de doen\u00e7as respirat\u00f3rias cr\u00f4nicas ou de outras enfermidades que os tornem vulner\u00e1veis \u00e0 Covid-19 ou ainda com filhos menores em idade escolar, enquanto n\u00e3o autorizado o retorno das atividades letivas, permanecer\u00e3o em teletrabalho.\u00a0As sess\u00f5es de julgamento, na etapa preliminar, continuar\u00e3o sendo por meio telepresencial.<\/p>\n<p>A medida foi divulgada ontem no Ato Conjunto 398\/2020, assinado pela presidente do TST, ministra Maria Cristina Peduzzi, pelo vice-presidente, ministro Vieira de Mello Filho, e pelo corregedor-geral da Justi\u00e7a do Trabalho, ministro Aloysio Corr\u00eaa da Veiga.\u00a0A primeira etapa n\u00e3o contempla a abertura ao p\u00fablico externo. O momento inicial da retomada alcan\u00e7a os servidores que atuam nos gabinetes dos ministros e nas atividades consideradas essenciais.<\/p>\n<p>Continua a presta\u00e7\u00e3o de servi\u00e7os remotos, com, no m\u00e1ximo, 30% dos servidores, prestadores de servi\u00e7o e colaboradores em atividades presenciais. O documento prev\u00ea a divis\u00e3o de equipes fixas, em turnos de trabalho distintos, com sistema de rod\u00edzio.\u00a0&#8220;As unidades que estiverem exercendo as atividades de forma remota sem preju\u00edzo da produtividade poder\u00e3o continuar trabalhando por esse meio&#8221;, destaca o comunicado.<\/p>\n<p><strong>Medidas de seguran\u00e7a<\/strong><br \/>\nPara garantir as recomenda\u00e7\u00f5es da Organiza\u00e7\u00e3o Mundial de Sa\u00fade (OMS) e os crit\u00e9rios epidemiol\u00f3gicos para uma transi\u00e7\u00e3o segura ao restabelecimento gradual do trabalho presencial, a Comiss\u00e3o de Apoio para Retorno Gradual ao Trabalho Presencial, formada por ministros, profissionais da sa\u00fade e representantes da Administra\u00e7\u00e3o do TST, implementou uma s\u00e9rie de medidas. Entre elas, est\u00e1 o uso de m\u00e1scaras em todas as depend\u00eancias do Tribunal e a aferi\u00e7\u00e3o da temperatura corporal. O uso do ponto eletr\u00f4nico foi dispensado, e o uso dos elevadores foi restrito a quatro pessoas. O detalhamento de todas as medidas est\u00e1 previsto no Ato Conjunto 316, de 4 de agosto de 2020.<\/p>\n<p><strong>Campanha interna<\/strong><br \/>\nA Presid\u00eancia do TST tamb\u00e9m preparou, em parceria com a Secretaria de Comunica\u00e7\u00e3o Social, pe\u00e7as gr\u00e1ficas de conscientiza\u00e7\u00e3o do p\u00fablico interno. A campanha \u201cSeu melhor traje de trabalho \u00e9 a preven\u00e7\u00e3o\u201d inclui recomenda\u00e7\u00f5es de seguran\u00e7a de acordo com cada ambiente do TST.<\/p>\n","protected":false},"excerpt":{"rendered":"<p>O Tribunal Superior do Trabalho (TST) come\u00e7ar\u00e1, a partir de 3 de novembro, a etapa preliminar de retorno ao trabalho presencial, com todas as a\u00e7\u00f5es de preven\u00e7\u00e3o ao cont\u00e1gio pela Covid-19. De in\u00edcio, n\u00e3o haver\u00e1 abertura ao p\u00fablico externo. Somente retornar\u00e3o, servidores dos gabinetes dos ministros e os de atividades essenciais Servidores e colaboradores com 60 anos ou mais, gestantes, [&hellip;]<\/p>\n","protected":false},"author":27,"featured_media":0,"comment_status":"open","ping_status":"closed","sticky":false,"template":"","format":"standard","meta":{"footnotes":""},"categories":[2719],"tags":[463,17245,17256,3348,1556,10219,33,17179,1788,3596,241,7472,16,58,261,503,13968],"class_list":["post-18049","post","type-post","status-publish","format-standard","hentry","category-servidor","tag-atividades","tag-contagio","tag-covid-19","tag-essenciais","tag-etapa","tag-gabinetes","tag-ministros","tag-preliminar","tag-presencial","tag-prevencao","tag-publico","tag-remoto","tag-retorno","tag-servidores","tag-trabalho","tag-tst","tag-vulneraveis"],"_links":{"self":[{"href":"https:\/\/blogs.correiobraziliense.com.br\/servidor\/wp-json\/wp\/v2\/posts\/18049","targetHints":{"allow":["GET"]}}],"collection":[{"href":"https:\/\/blogs.correiobraziliense.com.br\/servidor\/wp-json\/wp\/v2\/posts"}],"about":[{"href":"https:\/\/blogs.correiobraziliense.com.br\/servidor\/wp-json\/wp\/v2\/types\/post"}],"author":[{"embeddable":true,"href":"https:\/\/blogs.correiobraziliense.com.br\/servidor\/wp-json\/wp\/v2\/users\/27"}],"replies":[{"embeddable":true,"href":"https:\/\/blogs.correiobraziliense.com.br\/servidor\/wp-json\/wp\/v2\/comments?post=18049"}],"version-history":[{"count":1,"href":"https:\/\/blogs.correiobraziliense.com.br\/servidor\/wp-json\/wp\/v2\/posts\/18049\/revisions"}],"predecessor-version":[{"id":18051,"href":"https:\/\/blogs.correiobraziliense.com.br\/servidor\/wp-json\/wp\/v2\/posts\/18049\/revisions\/18051"}],"wp:attachment":[{"href":"https:\/\/blogs.correiobraziliense.com.br\/servidor\/wp-json\/wp\/v2\/media?parent=18049"}],"wp:term":[{"taxonomy":"category","embeddable":true,"href":"https:\/\/blogs.correiobraziliense.com.br\/servidor\/wp-json\/wp\/v2\/categories?post=18049"},{"taxonomy":"post_tag","embeddable":true,"href":"https:\/\/blogs.correiobraziliense.com.br\/servidor\/wp-json\/wp\/v2\/tags?post=18049"}],"curies":[{"name":"wp","href":"https:\/\/api.w.org\/{rel}","templated":true}]}}