{"id":18037,"date":"2020-10-19T12:39:32","date_gmt":"2020-10-19T15:39:32","guid":{"rendered":"https:\/\/blogs.correiobraziliense.com.br\/servidor\/?p=18037"},"modified":"2020-10-19T12:40:47","modified_gmt":"2020-10-19T15:40:47","slug":"cvm-lanca-programa-bem-estar-financeiro-multiplicadores","status":"publish","type":"post","link":"https:\/\/blogs.correiobraziliense.com.br\/servidor\/cvm-lanca-programa-bem-estar-financeiro-multiplicadores\/","title":{"rendered":"CVM lan\u00e7a Programa Bem-Estar Financeiro: Multiplicadores"},"content":{"rendered":"<p><em><strong>A Comiss\u00e3o de Valores Mobili\u00e1rios (CVM) lan\u00e7a o\u00a0Programa Bem-Estar Financeiro: Multiplicadores.\u00a0Iniciativa cadastrar\u00e1 multiplicadores para interven\u00e7\u00f5es educacionais nos ambientes de trabalho de institui\u00e7\u00f5es p\u00fablicas e privadas\u00a0<\/strong><\/em><\/p>\n<p>Podem se cadastrar pessoas e profissionais interessados em se tornar capacitadores, em institui\u00e7\u00f5es p\u00fablicas ou privadas, com o objetivo de levar a educa\u00e7\u00e3o financeira ao ambiente de trabalho, colaborando para a mudan\u00e7a de comportamento financeiro dos envolvidos. Nessa parceria, a CVM oferece toda a base de apoio educacional especializado.<\/p>\n<p>\u201cA Autarquia ir\u00e1 fornecer aos multiplicadores todo o suporte de conte\u00fado (material did\u00e1tico), apoio t\u00e9cnico (tirando d\u00favidas) e atualiza\u00e7\u00e3o (sala virtual) necess\u00e1rios para realiza\u00e7\u00e3o do Programa\u201d, comentou Julio Dahbar, analista da Divis\u00e3o de Educa\u00e7\u00e3o Financeira (COE\/SOI) da CVM.<\/p>\n<p>Mas \u00e9 importante destacar que o cadastro como multiplicador do Programa n\u00e3o certifica ou autoriza o profissional a exercer qualquer atividade regulamentada no mercado de capitais. Tamb\u00e9m n\u00e3o representa qualquer tipo de capacita\u00e7\u00e3o ou forma\u00e7\u00e3o relacionada ao conte\u00fado do Programa.<\/p>\n<p>Al\u00e9m disso, n\u00e3o ser\u00e3o permitidas quaisquer formas de divulga\u00e7\u00e3o ou comercializa\u00e7\u00e3o de produtos ou servi\u00e7os, ou qualquer outra forma de utiliza\u00e7\u00e3o do curso para fins comerciais.<\/p>\n<p>&#8220;O principal objetivo da CVM \u00e9 promover o bem-estar financeiro dos participantes, auxiliando na redu\u00e7\u00e3o do endividamento, no controle financeiro, planejamento, consumo consciente e na autonomia para tomadas de decis\u00e3o&#8221;, refor\u00e7a o \u00f3rg\u00e3o.<\/p>\n<p><strong>Quem pode participar<\/strong><\/p>\n<p>A CVM, de acordo com o informe, espera que os multiplicadores j\u00e1 tenham conhecimentos pr\u00e9vios dos assuntos abordados. &#8220;Por isso, para utilizar os materiais e atuar como multiplicador parceiro do Programa, o interessado dever\u00e1 se enquadrar em um dos perfis definidos no manual de apresenta\u00e7\u00e3o do Programa&#8221;, destaca a autarquia.<\/p>\n<p><strong>Abrang\u00eancia<\/strong><\/p>\n<p>O\u00a0Bem-Estar Financeiro: Multplicadores\u00a0ter\u00e1 cobertura nacional. Por isso, a presen\u00e7a dos multiplicadores \u00e9 fundamental, pois ser\u00e3o os respons\u00e1veis pela aplica\u00e7\u00e3o de fato do programa nas empresas.<\/p>\n<p><strong>Como funcionar\u00e3o as interven\u00e7\u00f5es<\/strong><\/p>\n<p>As interven\u00e7\u00f5es foram desenhadas com base no Modelo Transte\u00f3rico para Mudan\u00e7a de Comportamento (TTM), em que a mudan\u00e7a de comportamento individual ocorre de forma gradual e cont\u00ednua, passando por cinco est\u00e1gios sucessivos:<\/p>\n<p>1. Pr\u00e9-contempla\u00e7\u00e3o:\u00a0indiv\u00edduo sequer tem a consci\u00eancia de que mudar seu comportamento pode melhorar seu bem-estar, e n\u00e3o pretende agir nos pr\u00f3ximos seis meses.<\/p>\n<p>2. Contempla\u00e7\u00e3o:\u00a0indiv\u00edduo j\u00e1 tem consci\u00eancia da necessidade de mudan\u00e7a, pretende agir dentro dos pr\u00f3ximos seis meses, mas ainda n\u00e3o sabe como.<\/p>\n<p>3. Prepara\u00e7\u00e3o:\u00a0indiv\u00edduo pretende agir nos pr\u00f3ximos trinta dias e come\u00e7a a tomar provid\u00eancias para tanto.<\/p>\n<p>4. A\u00e7\u00e3o:\u00a0j\u00e1 iniciou o processo de mudan\u00e7a, tendo implementado altera\u00e7\u00f5es vis\u00edveis no comportamento nos \u00faltimos seis meses.<\/p>\n<p>5. Manuten\u00e7\u00e3o:\u00a0indiv\u00edduo est\u00e1 tentando manter o novo comportamento, e j\u00e1 realizou altera\u00e7\u00f5es vis\u00edveis h\u00e1 mais de seis meses.<\/p>\n<h3>Mais informa\u00e7\u00f5es<\/h3>\n<p>Acesse a\u00a0<a href=\"https:\/\/www.investidor.gov.br\/menu\/Menu_Academico\/Programa_Bem-Estar_Financeiro\/multiplicadores\/multiplicadores_apresentacao.html\" target=\"_blank\" rel=\"noopener\">p\u00e1gina do Programa no Portal do Investidor<\/a>, onde tamb\u00e9m \u00e9 poss\u00edvel acessar o Manual de Apresenta\u00e7\u00e3o.<\/p>\n<p>O\u00a0Bem-Estar Financeiro: Multiplicadores\u00a0foi lan\u00e7ado durante a Semana Mundial do Investidor (World Investor Week &#8211; WIW 2020),\u00a0 entre os dias 5 e 11 de outubro.<\/p>\n","protected":false},"excerpt":{"rendered":"<p>A Comiss\u00e3o de Valores Mobili\u00e1rios (CVM) lan\u00e7a o\u00a0Programa Bem-Estar Financeiro: Multiplicadores.\u00a0Iniciativa cadastrar\u00e1 multiplicadores para interven\u00e7\u00f5es educacionais nos ambientes de trabalho de institui\u00e7\u00f5es p\u00fablicas e privadas\u00a0 Podem se cadastrar pessoas e profissionais interessados em se tornar capacitadores, em institui\u00e7\u00f5es p\u00fablicas ou privadas, com o objetivo de levar a educa\u00e7\u00e3o financeira ao ambiente de trabalho, colaborando para a mudan\u00e7a de comportamento financeiro [&hellip;]<\/p>\n","protected":false},"author":27,"featured_media":0,"comment_status":"open","ping_status":"closed","sticky":false,"template":"","format":"standard","meta":{"footnotes":""},"categories":[2719],"tags":[86,18357,3331,4589,215,7649,1416,12840,489,4682,1075,18356,1633,261,276],"class_list":["post-18037","post","type-post","status-publish","format-standard","hentry","category-servidor","tag-cadastro","tag-capacitadores","tag-capitais","tag-comportamento","tag-cvm","tag-educacionais","tag-instituicoes","tag-intervencoes","tag-mercado","tag-privadas","tag-profissionais","tag-programa-bem-estar-financeiro-multiplicadores","tag-publicas","tag-trabalho","tag-virtual"],"_links":{"self":[{"href":"https:\/\/blogs.correiobraziliense.com.br\/servidor\/wp-json\/wp\/v2\/posts\/18037","targetHints":{"allow":["GET"]}}],"collection":[{"href":"https:\/\/blogs.correiobraziliense.com.br\/servidor\/wp-json\/wp\/v2\/posts"}],"about":[{"href":"https:\/\/blogs.correiobraziliense.com.br\/servidor\/wp-json\/wp\/v2\/types\/post"}],"author":[{"embeddable":true,"href":"https:\/\/blogs.correiobraziliense.com.br\/servidor\/wp-json\/wp\/v2\/users\/27"}],"replies":[{"embeddable":true,"href":"https:\/\/blogs.correiobraziliense.com.br\/servidor\/wp-json\/wp\/v2\/comments?post=18037"}],"version-history":[{"count":2,"href":"https:\/\/blogs.correiobraziliense.com.br\/servidor\/wp-json\/wp\/v2\/posts\/18037\/revisions"}],"predecessor-version":[{"id":18039,"href":"https:\/\/blogs.correiobraziliense.com.br\/servidor\/wp-json\/wp\/v2\/posts\/18037\/revisions\/18039"}],"wp:attachment":[{"href":"https:\/\/blogs.correiobraziliense.com.br\/servidor\/wp-json\/wp\/v2\/media?parent=18037"}],"wp:term":[{"taxonomy":"category","embeddable":true,"href":"https:\/\/blogs.correiobraziliense.com.br\/servidor\/wp-json\/wp\/v2\/categories?post=18037"},{"taxonomy":"post_tag","embeddable":true,"href":"https:\/\/blogs.correiobraziliense.com.br\/servidor\/wp-json\/wp\/v2\/tags?post=18037"}],"curies":[{"name":"wp","href":"https:\/\/api.w.org\/{rel}","templated":true}]}}