{"id":18034,"date":"2020-10-19T12:21:12","date_gmt":"2020-10-19T15:21:12","guid":{"rendered":"https:\/\/blogs.correiobraziliense.com.br\/servidor\/?p=18034"},"modified":"2020-10-19T12:21:12","modified_gmt":"2020-10-19T15:21:12","slug":"cafe-com-politica-internacional","status":"publish","type":"post","link":"https:\/\/blogs.correiobraziliense.com.br\/servidor\/cafe-com-politica-internacional\/","title":{"rendered":"Caf\u00e9 com Pol\u00edtica internacional"},"content":{"rendered":"<p><em><strong>O Sindilegis recebe, hoje, \u00e0s 18 horas, o autor do best-seller &#8220;A Hora dos Economistas&#8221;, o norte-americano Binyamin Appelbaum, membro do Conselho Editorial do The New York Times<\/strong><\/em><\/p>\n<p><img loading=\"lazy\" decoding=\"async\" class=\"alignright size-large wp-image-18035\" src=\"https:\/\/blogs.correiobraziliense.com.br\/servidor\/wp-content\/uploads\/sites\/10\/2020\/10\/caf\u00e9-com-pol\u00edtica-internacional-787x1024.jpg\" alt=\"\" width=\"787\" height=\"1024\" srcset=\"https:\/\/blogs.correiobraziliense.com.br\/servidor\/wp-content\/uploads\/sites\/10\/2020\/10\/caf\u00e9-com-pol\u00edtica-internacional-787x1024.jpg 787w, https:\/\/blogs.correiobraziliense.com.br\/servidor\/wp-content\/uploads\/sites\/10\/2020\/10\/caf\u00e9-com-pol\u00edtica-internacional-231x300.jpg 231w, https:\/\/blogs.correiobraziliense.com.br\/servidor\/wp-content\/uploads\/sites\/10\/2020\/10\/caf\u00e9-com-pol\u00edtica-internacional-768x999.jpg 768w, https:\/\/blogs.correiobraziliense.com.br\/servidor\/wp-content\/uploads\/sites\/10\/2020\/10\/caf\u00e9-com-pol\u00edtica-internacional-550x715.jpg 550w, https:\/\/blogs.correiobraziliense.com.br\/servidor\/wp-content\/uploads\/sites\/10\/2020\/10\/caf\u00e9-com-pol\u00edtica-internacional-230x299.jpg 230w, https:\/\/blogs.correiobraziliense.com.br\/servidor\/wp-content\/uploads\/sites\/10\/2020\/10\/caf\u00e9-com-pol\u00edtica-internacional.jpg 984w\" sizes=\"auto, (max-width: 787px) 100vw, 787px\" \/><\/p>\n<p>A transmiss\u00e3o ser\u00e1 pelo canal do Youtube do Sindicato. Se quiser assistir ao som original acesse <a href=\"https:\/\/youtu.be\/Nm7mo77VqdA\">\ud83c\uddfa\ud83c\uddf8 <\/a><br \/>\n<iframe loading=\"lazy\" title=\"Caf\u00e9 com Pol\u00edtica Internacional - \u00c1udio Original\" width=\"1440\" height=\"810\" src=\"https:\/\/www.youtube.com\/embed\/Nm7mo77VqdA?feature=oembed\" frameborder=\"0\" allow=\"accelerometer; autoplay; clipboard-write; encrypted-media; gyroscope; picture-in-picture; web-share\" referrerpolicy=\"strict-origin-when-cross-origin\" allowfullscreen><\/iframe><\/p>\n<p>Ou acompanhar com tradu\u00e7\u00e3o simult\u00e2nea<br \/>\n<a href=\"https:\/\/www.youtube.com\/watch?v=WQuEJYTsXCY&amp;feature=youtu.be\">https:\/\/www.youtube.com\/watch?v=WQuEJYTsXCY&amp;feature=youtu.be<\/a><\/p>\n<p>O ex-ministro de Comunica\u00e7\u00e3o Social e colunista do Poder360, Thomas Traumann, vai ser o debatedor.<\/p>\n<p>A jornalista e diretora de Comunica\u00e7\u00e3o Social do Senado, Erica Ceolin, ser\u00e1 a mediadora.<\/p>\n<p>O vice-presidente do Sindilegis e servidor do TCU, Alison Souza, completa o time para esse bate-papo.<\/p>\n<p>Agenda:<\/p>\n<p>Quando: 19\/10 (segunda-feira)<\/p>\n<p>Que horas? 18 horas<\/p>\n<p>Onde: No canal do Youtube do Sindilegis<\/p>\n","protected":false},"excerpt":{"rendered":"<p>O Sindilegis recebe, hoje, \u00e0s 18 horas, o autor do best-seller &#8220;A Hora dos Economistas&#8221;, o norte-americano Binyamin Appelbaum, membro do Conselho Editorial do The New York Times A transmiss\u00e3o ser\u00e1 pelo canal do Youtube do Sindicato. Se quiser assistir ao som original acesse \ud83c\uddfa\ud83c\uddf8 Ou acompanhar com tradu\u00e7\u00e3o simult\u00e2nea https:\/\/www.youtube.com\/watch?v=WQuEJYTsXCY&amp;feature=youtu.be O ex-ministro de Comunica\u00e7\u00e3o Social e colunista do Poder360, [&hellip;]<\/p>\n","protected":false},"author":27,"featured_media":0,"comment_status":"open","ping_status":"closed","sticky":false,"template":"","format":"standard","meta":{"footnotes":""},"categories":[2719],"tags":[18355,440,634],"class_list":["post-18034","post","type-post","status-publish","format-standard","hentry","category-servidor","tag-cafe-com-politica-internacional","tag-sindicato","tag-sindilegis"],"_links":{"self":[{"href":"https:\/\/blogs.correiobraziliense.com.br\/servidor\/wp-json\/wp\/v2\/posts\/18034","targetHints":{"allow":["GET"]}}],"collection":[{"href":"https:\/\/blogs.correiobraziliense.com.br\/servidor\/wp-json\/wp\/v2\/posts"}],"about":[{"href":"https:\/\/blogs.correiobraziliense.com.br\/servidor\/wp-json\/wp\/v2\/types\/post"}],"author":[{"embeddable":true,"href":"https:\/\/blogs.correiobraziliense.com.br\/servidor\/wp-json\/wp\/v2\/users\/27"}],"replies":[{"embeddable":true,"href":"https:\/\/blogs.correiobraziliense.com.br\/servidor\/wp-json\/wp\/v2\/comments?post=18034"}],"version-history":[{"count":1,"href":"https:\/\/blogs.correiobraziliense.com.br\/servidor\/wp-json\/wp\/v2\/posts\/18034\/revisions"}],"predecessor-version":[{"id":18036,"href":"https:\/\/blogs.correiobraziliense.com.br\/servidor\/wp-json\/wp\/v2\/posts\/18034\/revisions\/18036"}],"wp:attachment":[{"href":"https:\/\/blogs.correiobraziliense.com.br\/servidor\/wp-json\/wp\/v2\/media?parent=18034"}],"wp:term":[{"taxonomy":"category","embeddable":true,"href":"https:\/\/blogs.correiobraziliense.com.br\/servidor\/wp-json\/wp\/v2\/categories?post=18034"},{"taxonomy":"post_tag","embeddable":true,"href":"https:\/\/blogs.correiobraziliense.com.br\/servidor\/wp-json\/wp\/v2\/tags?post=18034"}],"curies":[{"name":"wp","href":"https:\/\/api.w.org\/{rel}","templated":true}]}}