{"id":18029,"date":"2020-10-16T17:03:56","date_gmt":"2020-10-16T20:03:56","guid":{"rendered":"https:\/\/blogs.correiobraziliense.com.br\/servidor\/?p=18029"},"modified":"2020-10-16T17:03:56","modified_gmt":"2020-10-16T20:03:56","slug":"carlinhos-brown-e-leila-pinheiro-animam-lives-de-bancarios-da-caixa-neste-fim-de-semana","status":"publish","type":"post","link":"https:\/\/blogs.correiobraziliense.com.br\/servidor\/carlinhos-brown-e-leila-pinheiro-animam-lives-de-bancarios-da-caixa-neste-fim-de-semana\/","title":{"rendered":"Carlinhos Brown e Leila Pinheiro animam lives de banc\u00e1rios da Caixa neste fim de semana"},"content":{"rendered":"<p><em><strong>Encontros virtuais v\u00e3o revelar ganhadores de etapas estaduais do concurso \u201cTalentos 2020\u201d, que valoriza habilidades art\u00edsticas de empregados do banco nos 27 estados<\/strong><\/em><\/p>\n<p><img loading=\"lazy\" decoding=\"async\" class=\"alignright size-full wp-image-18030\" src=\"https:\/\/blogs.correiobraziliense.com.br\/servidor\/wp-content\/uploads\/sites\/10\/2020\/10\/BROWN.jpg\" alt=\"\" width=\"640\" height=\"497\" \/><\/p>\n<p><em>Foto de Carlinhos Brown: TV Globo<\/em><\/p>\n<p>As lives ser\u00e3o transmitidas pelo Facebook e Youtube da Federa\u00e7\u00e3o Nacional das Associa\u00e7\u00f5es do Pessoal da Caixa Econ\u00f4mica Federal (Fenae), a partir de 17 horas. O final de semana promete ser animado para os f\u00e3s dos cantores Carlinhos Brown, Leila Pinheiro,\u00a0 Elisa Lucinda, Cl\u00f3vis de Barros, Thalita Rebou\u00e7as e Milton Hatoum, al\u00e9m da radialista Roberta Martinelli e da Orquestra da Mar\u00e9 (RJ).<\/p>\n<p>Os artistas participar\u00e3o de lives da Federa\u00e7\u00e3o , neste s\u00e1bado (17) e domingo (18), para o an\u00fancio dos vencedores das etapas estaduais do \u201cTalentos 2020\u201d \u2014 concurso anual da Fenae e das 27 associa\u00e7\u00f5es nos estados (Apcefs) para revelar habilidades art\u00edsticas dos trabalhadores do banco.\u00a0O p\u00fablico poder\u00e1 interagir publicando fotos e concorrendo a pr\u00eamios.<\/p>\n<p>S\u00e1bado, as apresenta\u00e7\u00f5es ser\u00e3o de Carlinhos Brown e da Orquestra Mar\u00e9 do Amanh\u00e3. Domingo, o encontro contar\u00e1 com a participa\u00e7\u00e3o de Leila Pinheiro e Roberta Martinelli, como atra\u00e7\u00f5es musicais, e de Elisa Lucinda, Cl\u00f3vis de Barros, Thalita Rebou\u00e7as e Milton Hatoum, em v\u00eddeos-depoimentos.<\/p>\n<p>Nesta edi\u00e7\u00e3o, um total de 3.297 obras foram inscritas em quatro categorias: Foto e Filme, Artes Visuais (Desenho\/Pintura e Desenho Infantil), Literatura (Conto\/Cr\u00f4nica e Poesia) e M\u00fasica (Composi\u00e7\u00e3o e Interpreta\u00e7\u00e3o). S\u00f3 em Foto e Filme, s\u00e3o 1.623 trabalhos inscritos. J\u00e1 na modalidade Desenho &amp; Pintura e Desenho Infantil, 561.<\/p>\n<p>As revela\u00e7\u00f5es dos tr\u00eas trabalhos vencedores em cada estado ocorrem em quatro encontros virtuais, por categorias. Depois de Foto e Filme, no \u00faltimo dia 10, ser\u00e3o conhecidos os vencedores da categoria Artes Visuais, neste s\u00e1bado (17); Literatura, no domingo (18); e M\u00fasica, no pr\u00f3ximo dia 24.<\/p>\n<p><strong>Integra\u00e7\u00e3o dos banc\u00e1rios<\/strong><\/p>\n<p>Ganhadora do primeiro lugar na categoria Foto e Filme, Jaqueline Nascimento, associada da Apcef Para\u00edba, destaca a import\u00e2ncia da participa\u00e7\u00e3o no \u201cTalentos 2020\u201d e da integra\u00e7\u00e3o dos banc\u00e1rios da Caixa Econ\u00f4mica por meio da arte: \u201cO concurso tem uma import\u00e2ncia enorme na busca pelo bem estar dos empregados. N\u00f3s vivemos em um ambiente de constante tens\u00e3o e estresse e, esse ano, com a pandemia, piorou ainda mais\u201d.<\/p>\n<p>Para ela, o \u201cTalentos\u201d funciona como um escape no meio da \u201cloucura\u201d do dia a dia. \u201cNos ajuda a descobrir habilidades que nem imagin\u00e1vamos que poder\u00edamos ter, o que acaba incentivando pr\u00e1ticas que aprimoram nossa sa\u00fade f\u00edsica e mental, contribuindo para uma melhor qualidade de vida\u201d, conta Jaqueline.<\/p>\n<p>O diretor Sociocultural da Fenae, Nilson Alexandre de Moura J\u00fanior, avalia que o \u201cTalentos 2020\u201d superou as expectativas, mesmo com as dificuldades impostas pela pandemia do coronav\u00edrus. \u201cEm dezembro, realizaremos a grande final; mas, as lives dos pr\u00eamios estaduais j\u00e1 t\u00eam mostrado que as pessoas est\u00e3o engajadas no concurso, integradas e produzindo arte\u201d, destaca.<\/p>\n","protected":false},"excerpt":{"rendered":"<p>Encontros virtuais v\u00e3o revelar ganhadores de etapas estaduais do concurso \u201cTalentos 2020\u201d, que valoriza habilidades art\u00edsticas de empregados do banco nos 27 estados Foto de Carlinhos Brown: TV Globo As lives ser\u00e3o transmitidas pelo Facebook e Youtube da Federa\u00e7\u00e3o Nacional das Associa\u00e7\u00f5es do Pessoal da Caixa Econ\u00f4mica Federal (Fenae), a partir de 17 horas. O final de semana promete ser [&hellip;]<\/p>\n","protected":false},"author":27,"featured_media":0,"comment_status":"open","ping_status":"closed","sticky":false,"template":"","format":"standard","meta":{"footnotes":""},"categories":[2719],"tags":[1925,1013,701,18351,93,891,5319,16335,5809,8507,3862,16731,7148,241,18350,4102,10454],"class_list":["post-18029","post","type-post","status-publish","format-standard","hentry","category-servidor","tag-artistas","tag-bancarios","tag-caixa-economica-federal","tag-cantores","tag-concurso","tag-empregados","tag-encontros","tag-fenae","tag-filme","tag-foto","tag-habilidades","tag-literatura","tag-premios","tag-publico","tag-talentos-2020","tag-vencedores","tag-virtuais"],"_links":{"self":[{"href":"https:\/\/blogs.correiobraziliense.com.br\/servidor\/wp-json\/wp\/v2\/posts\/18029","targetHints":{"allow":["GET"]}}],"collection":[{"href":"https:\/\/blogs.correiobraziliense.com.br\/servidor\/wp-json\/wp\/v2\/posts"}],"about":[{"href":"https:\/\/blogs.correiobraziliense.com.br\/servidor\/wp-json\/wp\/v2\/types\/post"}],"author":[{"embeddable":true,"href":"https:\/\/blogs.correiobraziliense.com.br\/servidor\/wp-json\/wp\/v2\/users\/27"}],"replies":[{"embeddable":true,"href":"https:\/\/blogs.correiobraziliense.com.br\/servidor\/wp-json\/wp\/v2\/comments?post=18029"}],"version-history":[{"count":1,"href":"https:\/\/blogs.correiobraziliense.com.br\/servidor\/wp-json\/wp\/v2\/posts\/18029\/revisions"}],"predecessor-version":[{"id":18031,"href":"https:\/\/blogs.correiobraziliense.com.br\/servidor\/wp-json\/wp\/v2\/posts\/18029\/revisions\/18031"}],"wp:attachment":[{"href":"https:\/\/blogs.correiobraziliense.com.br\/servidor\/wp-json\/wp\/v2\/media?parent=18029"}],"wp:term":[{"taxonomy":"category","embeddable":true,"href":"https:\/\/blogs.correiobraziliense.com.br\/servidor\/wp-json\/wp\/v2\/categories?post=18029"},{"taxonomy":"post_tag","embeddable":true,"href":"https:\/\/blogs.correiobraziliense.com.br\/servidor\/wp-json\/wp\/v2\/tags?post=18029"}],"curies":[{"name":"wp","href":"https:\/\/api.w.org\/{rel}","templated":true}]}}