{"id":18021,"date":"2020-10-14T17:13:50","date_gmt":"2020-10-14T20:13:50","guid":{"rendered":"https:\/\/blogs.correiobraziliense.com.br\/servidor\/?p=18021"},"modified":"2020-10-14T17:13:50","modified_gmt":"2020-10-14T20:13:50","slug":"amb-diz-que-soltura-de-criminosos-prejudica-o-funcionamento-do-poder-judiciario","status":"publish","type":"post","link":"https:\/\/blogs.correiobraziliense.com.br\/servidor\/amb-diz-que-soltura-de-criminosos-prejudica-o-funcionamento-do-poder-judiciario\/","title":{"rendered":"AMB diz que soltura de criminosos prejudica o funcionamento do Poder Judici\u00e1rio"},"content":{"rendered":"<p><em><strong>A Associa\u00e7\u00e3o dos Magistrados Brasileiros (AMB) protocolou, nesta quarta-feira (14), pedido de A\u00e7\u00e3o Direta de Inconstitucionalidade (ADI) ao Supremo Tribunal Federal (STF) para restringir a interpreta\u00e7\u00e3o do para\u0301grafo u\u0301nico do artigo 316 do Co\u0301digo de Processo Penal, e evitar que a n\u00e3o revis\u00e3o em 90 da pris\u00e3o permita que criminosos fiquem livres, como aconteceu com o narcotraficante Andr\u00e9 do Rap &#8211; agora fugitivo<\/strong><\/em><\/p>\n<p>Na a\u00e7\u00e3o, a AMB afirma que \u201ctanto a imposi\u00e7\u00e3o aos ju\u00edzes de primeiro grau da obriga\u00e7\u00e3o de realizar a revis\u00e3o de atos j\u00e1 submetidos \u00e0 revis\u00e3o das inst\u00e2ncias recursais, como a imposi\u00e7\u00e3o aos Tribunais de observ\u00e2ncia do par\u00e1grafo \u00fanico do art. 316 do CPP em grau recursal, como a imposi\u00e7\u00e3o de decreta\u00e7\u00e3o de liberdade do r\u00e9u em raz\u00e3o do mero vencimento do prazo de 90 dias, est\u00e3o prejudicando o regular funcionamento do Poder Judici\u00e1rio e afetando a sua credibilidade como Poder que deve preservar a paz social\u201d.<\/p>\n<p>De acordo com o documento, a interpreta\u00e7\u00e3o do par\u00e1grafo \u00fanico do art. 316 do C\u00f3digo de Processo Penal, da forma como vem sendo imposta, &#8220;est\u00e1 contaminada pelo v\u00edcio da polissemia&#8221; (multiplicidade de sentidos), e viola o processo legal, o princ\u00edpio da separa\u00e7\u00e3o de poderes, com usurpa\u00e7\u00e3o \u00e0 compet\u00eancia\u00a0da Uni\u00e3o para legislar, e com ofensa aos princ\u00edpios da razoabilidade e da\u00a0proporcionalidade.<\/p>\n<p>A AMB destaca que v\u00e1rias tribunais no pa\u00eds entenderam que a\u00a0necessidade de manuten\u00e7\u00e3o da pris\u00e3o preventiva a cada 90 dias n\u00e3o pode estar restrita ao juiz que \u201cdecretou a pris\u00e3o preventiva\u201d, porque esse magistrado somente poderia agir assim at\u00e9 o momento da senten\u00e7a. &#8220;Ap\u00f3s julgar a a\u00e7\u00e3o penal resta\u00a0esgotada sua jurisdi\u00e7\u00e3o e compet\u00eancia. Nesse sentido tem compreendido tanto o STJ\u00a0como o TJSP&#8221;.<\/p>\n<p>&#8220;Na pr\u00e1tica, tal entendimento acaba por conferir um direito aos r\u00e9us que a lei n\u00e3o\u00a0previu, pois passaram a ter o direito de exigir a revis\u00e3o da ordem de pris\u00e3o preventiva\u00a0a cada 90 durante o tr\u00e2mite tamb\u00e9m dos recursos ordin\u00e1rio, especial e extraordin\u00e1rio.\u00a0N\u00e3o parece, portanto, juridicamente poss\u00edvel, admitir-se como v\u00e1lida a interpreta\u00e7\u00e3o\u00a0dada ao par\u00e1grafo \u00fanico do art. 316 do CPP, no sentido de que o vencimento do prazo\u00a0de 90 dias para o juiz promover a revis\u00e3o da pris\u00e3o preventiva seria perempt\u00f3rio e\u00a0constituiria causa para a sua revoga\u00e7\u00e3o&#8221;, refor\u00e7a a Associa\u00e7\u00e3o.<\/p>\n<p>Na a\u00e7\u00e3o, a AMB destaca ainda que\u00a0 h\u00e1 mais de uma interpreta\u00e7\u00e3o, mas apenas uma delas \u00e9 compat\u00edvel com a Constitui\u00e7\u00e3o. &#8220;Imp\u00f5e-se a declara\u00e7\u00e3o de nulidade das demais, para o fim de afastar as\u00a0interpreta\u00e7\u00f5es inconstitucionais e fazer prevalecer a interpreta\u00e7\u00e3o constitucional,\u00a0mediante o processo de interpreta\u00e7\u00e3o conforme \u00e0 constitui\u00e7\u00e3o&#8221;, diz.<\/p>\n<p>&nbsp;<\/p>\n","protected":false},"excerpt":{"rendered":"<p>A Associa\u00e7\u00e3o dos Magistrados Brasileiros (AMB) protocolou, nesta quarta-feira (14), pedido de A\u00e7\u00e3o Direta de Inconstitucionalidade (ADI) ao Supremo Tribunal Federal (STF) para restringir a interpreta\u00e7\u00e3o do para\u0301grafo u\u0301nico do artigo 316 do Co\u0301digo de Processo Penal, e evitar que a n\u00e3o revis\u00e3o em 90 da pris\u00e3o permita que criminosos fiquem livres, como aconteceu com o narcotraficante Andr\u00e9 do Rap [&hellip;]<\/p>\n","protected":false},"author":27,"featured_media":0,"comment_status":"open","ping_status":"closed","sticky":false,"template":"","format":"standard","meta":{"footnotes":""},"categories":[2719],"tags":[1409,18332,2584,925,6355,942,4208,1137,3817,1038,6482],"class_list":["post-18021","post","type-post","status-publish","format-standard","hentry","category-servidor","tag-amb","tag-andre-do-rap","tag-constituicao","tag-cpc","tag-criminosos","tag-funcionamento","tag-narcotraficante","tag-poder-judiciario","tag-preventiva","tag-prisao","tag-soltura"],"_links":{"self":[{"href":"https:\/\/blogs.correiobraziliense.com.br\/servidor\/wp-json\/wp\/v2\/posts\/18021","targetHints":{"allow":["GET"]}}],"collection":[{"href":"https:\/\/blogs.correiobraziliense.com.br\/servidor\/wp-json\/wp\/v2\/posts"}],"about":[{"href":"https:\/\/blogs.correiobraziliense.com.br\/servidor\/wp-json\/wp\/v2\/types\/post"}],"author":[{"embeddable":true,"href":"https:\/\/blogs.correiobraziliense.com.br\/servidor\/wp-json\/wp\/v2\/users\/27"}],"replies":[{"embeddable":true,"href":"https:\/\/blogs.correiobraziliense.com.br\/servidor\/wp-json\/wp\/v2\/comments?post=18021"}],"version-history":[{"count":1,"href":"https:\/\/blogs.correiobraziliense.com.br\/servidor\/wp-json\/wp\/v2\/posts\/18021\/revisions"}],"predecessor-version":[{"id":18022,"href":"https:\/\/blogs.correiobraziliense.com.br\/servidor\/wp-json\/wp\/v2\/posts\/18021\/revisions\/18022"}],"wp:attachment":[{"href":"https:\/\/blogs.correiobraziliense.com.br\/servidor\/wp-json\/wp\/v2\/media?parent=18021"}],"wp:term":[{"taxonomy":"category","embeddable":true,"href":"https:\/\/blogs.correiobraziliense.com.br\/servidor\/wp-json\/wp\/v2\/categories?post=18021"},{"taxonomy":"post_tag","embeddable":true,"href":"https:\/\/blogs.correiobraziliense.com.br\/servidor\/wp-json\/wp\/v2\/tags?post=18021"}],"curies":[{"name":"wp","href":"https:\/\/api.w.org\/{rel}","templated":true}]}}